{"id":5747,"date":"2023-09-18T15:13:56","date_gmt":"2023-09-18T18:13:56","guid":{"rendered":"https:\/\/mangueira.com.br\/site\/?p=5747"},"modified":"2023-09-18T15:13:56","modified_gmt":"2023-09-18T18:13:56","slug":"karihah-e-mumuzinho-embalam-sabado-de-feijoada-na-mangueira","status":"publish","type":"post","link":"https:\/\/mangueira.com.br\/site\/2023\/09\/18\/karihah-e-mumuzinho-embalam-sabado-de-feijoada-na-mangueira\/","title":{"rendered":"Karihah e Mumuzinho embalam s\u00e1bado de feijoada na Mangueira"},"content":{"rendered":"\n<p><\/p>\n\n\n\n<figure class=\"wp-block-image size-large\"><img fetchpriority=\"high\" decoding=\"async\" width=\"1024\" height=\"682\" src=\"https:\/\/mangueira.com.br\/site\/wp-content\/uploads\/2023\/09\/image-4-1024x682.png\" alt=\"\" class=\"wp-image-5748\" srcset=\"https:\/\/mangueira.com.br\/site\/wp-content\/uploads\/2023\/09\/image-4-1024x682.png 1024w, https:\/\/mangueira.com.br\/site\/wp-content\/uploads\/2023\/09\/image-4-300x200.png 300w, https:\/\/mangueira.com.br\/site\/wp-content\/uploads\/2023\/09\/image-4-768x511.png 768w, https:\/\/mangueira.com.br\/site\/wp-content\/uploads\/2023\/09\/image-4-1536x1022.png 1536w, https:\/\/mangueira.com.br\/site\/wp-content\/uploads\/2023\/09\/image-4-2048x1363.png 2048w\" sizes=\"(max-width: 1024px) 100vw, 1024px\" \/><figcaption><em>Foto: JM Arruda<\/em><\/figcaption><\/figure>\n\n\n\n<p><em>Por Renata Rodrigues<\/em><\/p>\n\n\n\n<p><strong>RIO DE JANEIRO &#8211; <\/strong>Foi aqui que pediram mais feijoada? Ent\u00e3o se preparem, pois em outubro a Verde e Rosa promete fazer hist\u00f3ria! Na segunda edi\u00e7\u00e3o da Temporada 2024, o palco da Esta\u00e7\u00e3o Primeira recebe Karinah e o cantor Mumuzinho. No dia 14 de outubro, o Pal\u00e1cio do Samba fica aberto a partir das 13h.&nbsp; E os ingressos j\u00e1 est\u00e3o \u00e0 venda no site da agremia\u00e7\u00e3o.<\/p>\n\n\n\n<p>A musa Karinah se apresenta pela primeira vez na quadra da escola e abre caminho para uma nova gera\u00e7\u00e3o de mulheres que fazem samba. O consagrado Mumuzinho estar\u00e1 ao lado da cantora, apresentando ao p\u00fablico os sucessos que prometem embalar o p\u00fablico.&nbsp;<\/p>\n\n\n\n<p>Karinah, conhecida como a \u201cRainha do Pagode\u201d, \u00e9 musa da Mangueira desde o \u00faltimo carnaval e madrinha social da Vila Ol\u00edmpica da escola. Ela se lan\u00e7ou profissionalmente como cantora em 2019, com um \u00e1lbum independente. Dois anos depois, com contrato com uma grande gravadora, passou a investir e se firmar como uma mulher da nova gera\u00e7\u00e3o do pagode e do samba. Em seu curr\u00edculo est\u00e3o parcerias musicais com Alcione, Belo, Margareth Menezes, Jorge Arag\u00e3o, Carlinhos Brown, entre outros. J\u00e1 se apresentou ao lado de Dudu Nobre, Xande de Pilares e Mumuzinho.&nbsp;<\/p>\n\n\n\n<p>Como parte das comemora\u00e7\u00f5es dos 95 anos da Verde e Rosa, o Pal\u00e1cio do Samba passou por um processo de conserva\u00e7\u00e3o que foi entregue \u00e0 comunidade na reabertura do espa\u00e7o, e que tem como destaque a adequa\u00e7\u00e3o do espa\u00e7o \u00e0s novas diretrizes de marca da escola. No mesmo dia, iniciaram-se as apresenta\u00e7\u00f5es e as eliminat\u00f3rias para o samba-enredo do carnaval 2024, que levar\u00e1 para a avenida o enredo \u201cA Negra Voz do Samba\u201d, uma homenagem \u00e0 Alcione, a Marrom.<\/p>\n\n\n\n<p>Espa\u00e7os de conviv\u00eancia e instagram\u00e1veis est\u00e3o espalhados por todo espa\u00e7o. A loja que funciona na Quadra estar\u00e1 aberta e oferecer\u00e1 diversos produtos oficiais da Mangueira, dentre eles a camisa do enredo 2024.<\/p>\n\n\n\n<p><strong>SERVI\u00c7O:<\/strong><\/p>\n\n\n\n<p><strong>Feijoada da Mangueira com Karinah e Cantor Mumuzinho<\/strong><\/p>\n\n\n\n<p><strong>Data: 14 de outubro&nbsp;<\/strong><\/p>\n\n\n\n<p><strong>Hora: 13h<\/strong><\/p>\n\n\n\n<p><strong>Local: Pal\u00e1cio do Samba<\/strong><\/p>\n\n\n\n<p><strong>Endere\u00e7o: Rua Visconde de Niter\u00f3i, 1072 \u2013 Mangueira<\/strong><\/p>\n\n\n\n<p><strong>Ingressos antecipados: ingresso.mangueira.com.br<\/strong><\/p>\n\n\n\n<p><strong>1\u00b0 Lote:<\/strong><\/p>\n\n\n\n<p><strong>Entrada: R$30,00<\/strong><\/p>\n\n\n\n<p><strong>Entrada + feijoada: R$60,00<\/strong><\/p>\n\n\n\n<p><strong>2\u00b0 Lote:&nbsp;<\/strong><\/p>\n\n\n\n<p><strong>Entrada: R$40,00<\/strong><\/p>\n\n\n\n<p><strong>Entrada + feijoada: R$70,00<\/strong><\/p>\n\n\n\n<p><strong>No dia<\/strong><\/p>\n\n\n\n<p><strong>Entrada &#8211; R$60,00<\/strong><\/p>\n\n\n\n<p><strong>Feijoada &#8211; R$35,00<\/strong><\/p>\n\n\n\n<p><strong>Mesa comum &#8211; R$70,00<\/strong><\/p>\n\n\n\n<p><strong>Mesa VIP- R$400,00<\/strong><\/p>\n\n\n\n<p><strong>(4 feijoadas, 4 lugares + 4 entradas)<\/strong><\/p>\n\n\n\n<p><strong>Camarote c\/feijoada (10 pessoas) &#8211; 1.500,00 (pulseiras + feijoada)<\/strong><\/p>\n\n\n\n<p><strong>Sobre a Esta\u00e7\u00e3o Primeira de Mangueira:<\/strong><\/p>\n\n\n\n<p>O Gr\u00eamio Recreativo Escola de Samba Esta\u00e7\u00e3o Primeira de Mangueira (ou simplesmente Esta\u00e7\u00e3o Primeira de Mangueira) \u00e9 uma tradicional escola de samba brasileira da cidade do Rio de Janeiro conhecida e admirada em todo o planeta. A agremia\u00e7\u00e3o, que tem nas suas cores (verde e rosa) uma de suas marcas registradas, acumula 95 anos de gl\u00f3rias e de hist\u00f3rias e \u00e9 uma das mais importantes institui\u00e7\u00f5es culturais do Brasil. Seus s\u00edmbolos, o surdo, a coroa, os ramos de louros e as estrelas podem ser vistos na bandeira da escola. Tornou-se um celeiro de bambas que despontou e inspirou lindas obras decantadas em todo o mundo. Foi fundada em 1928, no Morro da Mangueira, pelos sambistas Carlos Cacha\u00e7a, Cartola, Z\u00e9 Espinguela, Tia F\u00e9, Tia Tom\u00e1sia, entre outros. Sua quadra est\u00e1 sediada no bairro do mesmo nome. Det\u00e9m vinte t\u00edtulos do carnaval. Atualmente, \u00e9 presidida por Guanayra Firmino, primeira mulher eleita presidente da Mangueira. (<a href=\"https:\/\/mangueira.com.br\/\">https:\/\/mangueira.com.br\/<\/a>)<\/p>\n\n\n\n<p><strong>Assessoria de imprensa:<\/strong><\/p>\n\n\n\n<p>Renata Rodrigues (21)98038237<\/p>\n\n\n\n<p><a href=\"mailto:imprensa@mangueira.com.br\">imprensa@mangueira.com.br<\/a><\/p>\n","protected":false},"excerpt":{"rendered":"<p>Por Renata Rodrigues RIO DE JANEIRO &#8211; Foi aqui que pediram mais feijoada? Ent\u00e3o se preparem, pois em outubro a Verde e Rosa promete fazer hist\u00f3ria! Na segunda edi\u00e7\u00e3o da Temporada 2024, o palco da Esta\u00e7\u00e3o Primeira recebe Karinah e o cantor Mumuzinho. No dia 14 de outubro, o Pal\u00e1cio do Samba fica aberto a partir das 13h.&nbsp; E os ingressos j\u00e1 est\u00e3o \u00e0 venda no site da agremia\u00e7\u00e3o. A musa Karinah se apresenta pela primeira vez na quadra da escola e abre caminho para uma nova gera\u00e7\u00e3o de mulheres que fazem samba. O consagrado Mumuzinho estar\u00e1 ao lado da\u2026<\/p>\n","protected":false},"author":3,"featured_media":5748,"comment_status":"closed","ping_status":"","sticky":false,"template":"","format":"standard","meta":{"footnotes":""},"categories":[45,33,88,1],"tags":[],"class_list":["post-5747","post","type-post","status-publish","format-standard","has-post-thumbnail","hentry","category-exibir-home","category-geral","category-na-midia","category-sem-categoria"],"blocksy_meta":"","featured_image_urls":{"full":["https:\/\/mangueira.com.br\/site\/wp-content\/uploads\/2023\/09\/image-4.png",4928,3280,false],"thumbnail":["https:\/\/mangueira.com.br\/site\/wp-content\/uploads\/2023\/09\/image-4-150x150.png",150,150,true],"medium":["https:\/\/mangueira.com.br\/site\/wp-content\/uploads\/2023\/09\/image-4-300x200.png",300,200,true],"medium_large":["https:\/\/mangueira.com.br\/site\/wp-content\/uploads\/2023\/09\/image-4-768x511.png",768,511,true],"large":["https:\/\/mangueira.com.br\/site\/wp-content\/uploads\/2023\/09\/image-4-1024x682.png",1024,682,true],"1536x1536":["https:\/\/mangueira.com.br\/site\/wp-content\/uploads\/2023\/09\/image-4-1536x1022.png",1536,1022,true],"2048x2048":["https:\/\/mangueira.com.br\/site\/wp-content\/uploads\/2023\/09\/image-4-2048x1363.png",2048,1363,true]},"post_excerpt_stackable":"<p>Foto: JM Arruda Por Renata Rodrigues RIO DE JANEIRO &#8211; Foi aqui que pediram mais feijoada? Ent\u00e3o se preparem, pois em outubro a Verde e Rosa promete fazer hist\u00f3ria! Na segunda edi\u00e7\u00e3o da Temporada 2024, o palco da Esta\u00e7\u00e3o Primeira recebe Karinah e o cantor Mumuzinho. No dia 14 de outubro, o Pal\u00e1cio do Samba fica aberto a partir das 13h.&nbsp; E os ingressos j\u00e1 est\u00e3o \u00e0 venda no site da agremia\u00e7\u00e3o. A musa Karinah se apresenta pela primeira vez na quadra da escola e abre caminho para uma nova gera\u00e7\u00e3o de mulheres que fazem samba. O consagrado Mumuzinho estar\u00e1&hellip;<\/p>\n","category_list":"<a href=\"https:\/\/mangueira.com.br\/site\/category\/exibir-home\/\" rel=\"category tag\">Exibir Home<\/a>, <a href=\"https:\/\/mangueira.com.br\/site\/category\/geral\/\" rel=\"category tag\">Geral<\/a>, <a href=\"https:\/\/mangueira.com.br\/site\/category\/na-midia\/\" rel=\"category tag\">Na-Midia<\/a>, <a href=\"https:\/\/mangueira.com.br\/site\/category\/sem-categoria\/\" rel=\"category tag\">Sem categoria<\/a>","author_info":{"name":"Renata Rodrigues","url":"https:\/\/mangueira.com.br\/site\/author\/assessoria-mangueira2\/"},"comments_num":"0 coment\u00e1rio","yoast_head":"<!-- This site is optimized with the Yoast SEO plugin v26.7 - https:\/\/yoast.com\/wordpress\/plugins\/seo\/ -->\n<title>Karihah e Mumuzinho embalam s\u00e1bado de feijoada na Mangueira - Mangueira<\/title>\n<meta name=\"robots\" content=\"index, follow, max-snippet:-1, max-image-preview:large, max-video-preview:-1\" \/>\n<link rel=\"canonical\" href=\"https:\/\/mangueira.com.br\/site\/2023\/09\/18\/karihah-e-mumuzinho-embalam-sabado-de-feijoada-na-mangueira\/\" \/>\n<meta property=\"og:locale\" content=\"pt_BR\" \/>\n<meta property=\"og:type\" content=\"article\" \/>\n<meta property=\"og:title\" content=\"Karihah e Mumuzinho embalam s\u00e1bado de feijoada na Mangueira - Mangueira\" \/>\n<meta property=\"og:description\" content=\"Por Renata Rodrigues RIO DE JANEIRO &#8211; Foi aqui que pediram mais feijoada? Ent\u00e3o se preparem, pois em outubro a Verde e Rosa promete fazer hist\u00f3ria! Na segunda edi\u00e7\u00e3o da Temporada 2024, o palco da Esta\u00e7\u00e3o Primeira recebe Karinah e o cantor Mumuzinho. No dia 14 de outubro, o Pal\u00e1cio do Samba fica aberto a partir das 13h.&nbsp; E os ingressos j\u00e1 est\u00e3o \u00e0 venda no site da agremia\u00e7\u00e3o. A musa Karinah se apresenta pela primeira vez na quadra da escola e abre caminho para uma nova gera\u00e7\u00e3o de mulheres que fazem samba. O consagrado Mumuzinho estar\u00e1 ao lado da\u2026\" \/>\n<meta property=\"og:url\" content=\"https:\/\/mangueira.com.br\/site\/2023\/09\/18\/karihah-e-mumuzinho-embalam-sabado-de-feijoada-na-mangueira\/\" \/>\n<meta property=\"og:site_name\" content=\"Mangueira\" \/>\n<meta property=\"article:publisher\" content=\"https:\/\/facebook.com\/GRESEPMangueira\" \/>\n<meta property=\"article:published_time\" content=\"2023-09-18T18:13:56+00:00\" \/>\n<meta property=\"og:image\" content=\"https:\/\/mangueira.com.br\/site\/wp-content\/uploads\/2023\/09\/image-4-1024x682.png\" \/>\n\t<meta property=\"og:image:width\" content=\"1024\" \/>\n\t<meta property=\"og:image:height\" content=\"682\" \/>\n\t<meta property=\"og:image:type\" content=\"image\/png\" \/>\n<meta name=\"author\" content=\"Renata Rodrigues\" \/>\n<meta name=\"twitter:card\" content=\"summary_large_image\" \/>\n<meta name=\"twitter:creator\" content=\"@gresmangueira\" \/>\n<meta name=\"twitter:site\" content=\"@gresmangueira\" \/>\n<meta name=\"twitter:label1\" content=\"Escrito por\" \/>\n\t<meta name=\"twitter:data1\" content=\"Renata Rodrigues\" \/>\n\t<meta name=\"twitter:label2\" content=\"Est. tempo de leitura\" \/>\n\t<meta name=\"twitter:data2\" content=\"3 minutos\" \/>\n<script type=\"application\/ld+json\" class=\"yoast-schema-graph\">{\"@context\":\"https:\/\/schema.org\",\"@graph\":[{\"@type\":\"Article\",\"@id\":\"https:\/\/mangueira.com.br\/site\/2023\/09\/18\/karihah-e-mumuzinho-embalam-sabado-de-feijoada-na-mangueira\/#article\",\"isPartOf\":{\"@id\":\"https:\/\/mangueira.com.br\/site\/2023\/09\/18\/karihah-e-mumuzinho-embalam-sabado-de-feijoada-na-mangueira\/\"},\"author\":{\"name\":\"Renata Rodrigues\",\"@id\":\"https:\/\/mangueira.com.br\/site\/#\/schema\/person\/af4ea5f76f3836d5b8af3ec3bdfebe72\"},\"headline\":\"Karihah e Mumuzinho embalam s\u00e1bado de feijoada na Mangueira\",\"datePublished\":\"2023-09-18T18:13:56+00:00\",\"mainEntityOfPage\":{\"@id\":\"https:\/\/mangueira.com.br\/site\/2023\/09\/18\/karihah-e-mumuzinho-embalam-sabado-de-feijoada-na-mangueira\/\"},\"wordCount\":600,\"publisher\":{\"@id\":\"https:\/\/mangueira.com.br\/site\/#organization\"},\"image\":{\"@id\":\"https:\/\/mangueira.com.br\/site\/2023\/09\/18\/karihah-e-mumuzinho-embalam-sabado-de-feijoada-na-mangueira\/#primaryimage\"},\"thumbnailUrl\":\"https:\/\/mangueira.com.br\/site\/wp-content\/uploads\/2023\/09\/image-4.png\",\"articleSection\":[\"Exibir Home\",\"Geral\",\"Na-Midia\"],\"inLanguage\":\"pt-BR\"},{\"@type\":\"WebPage\",\"@id\":\"https:\/\/mangueira.com.br\/site\/2023\/09\/18\/karihah-e-mumuzinho-embalam-sabado-de-feijoada-na-mangueira\/\",\"url\":\"https:\/\/mangueira.com.br\/site\/2023\/09\/18\/karihah-e-mumuzinho-embalam-sabado-de-feijoada-na-mangueira\/\",\"name\":\"Karihah e Mumuzinho embalam s\u00e1bado de feijoada na Mangueira - Mangueira\",\"isPartOf\":{\"@id\":\"https:\/\/mangueira.com.br\/site\/#website\"},\"primaryImageOfPage\":{\"@id\":\"https:\/\/mangueira.com.br\/site\/2023\/09\/18\/karihah-e-mumuzinho-embalam-sabado-de-feijoada-na-mangueira\/#primaryimage\"},\"image\":{\"@id\":\"https:\/\/mangueira.com.br\/site\/2023\/09\/18\/karihah-e-mumuzinho-embalam-sabado-de-feijoada-na-mangueira\/#primaryimage\"},\"thumbnailUrl\":\"https:\/\/mangueira.com.br\/site\/wp-content\/uploads\/2023\/09\/image-4.png\",\"datePublished\":\"2023-09-18T18:13:56+00:00\",\"breadcrumb\":{\"@id\":\"https:\/\/mangueira.com.br\/site\/2023\/09\/18\/karihah-e-mumuzinho-embalam-sabado-de-feijoada-na-mangueira\/#breadcrumb\"},\"inLanguage\":\"pt-BR\",\"potentialAction\":[{\"@type\":\"ReadAction\",\"target\":[\"https:\/\/mangueira.com.br\/site\/2023\/09\/18\/karihah-e-mumuzinho-embalam-sabado-de-feijoada-na-mangueira\/\"]}]},{\"@type\":\"ImageObject\",\"inLanguage\":\"pt-BR\",\"@id\":\"https:\/\/mangueira.com.br\/site\/2023\/09\/18\/karihah-e-mumuzinho-embalam-sabado-de-feijoada-na-mangueira\/#primaryimage\",\"url\":\"https:\/\/mangueira.com.br\/site\/wp-content\/uploads\/2023\/09\/image-4.png\",\"contentUrl\":\"https:\/\/mangueira.com.br\/site\/wp-content\/uploads\/2023\/09\/image-4.png\",\"width\":4928,\"height\":3280},{\"@type\":\"BreadcrumbList\",\"@id\":\"https:\/\/mangueira.com.br\/site\/2023\/09\/18\/karihah-e-mumuzinho-embalam-sabado-de-feijoada-na-mangueira\/#breadcrumb\",\"itemListElement\":[{\"@type\":\"ListItem\",\"position\":1,\"name\":\"In\u00edcio\",\"item\":\"https:\/\/mangueira.com.br\/site\/\"},{\"@type\":\"ListItem\",\"position\":2,\"name\":\"Karihah e Mumuzinho embalam s\u00e1bado de feijoada na Mangueira\"}]},{\"@type\":\"WebSite\",\"@id\":\"https:\/\/mangueira.com.br\/site\/#website\",\"url\":\"https:\/\/mangueira.com.br\/site\/\",\"name\":\"Mangueira\",\"description\":\"A Maior Escola de Samba do Planeta\",\"publisher\":{\"@id\":\"https:\/\/mangueira.com.br\/site\/#organization\"},\"potentialAction\":[{\"@type\":\"SearchAction\",\"target\":{\"@type\":\"EntryPoint\",\"urlTemplate\":\"https:\/\/mangueira.com.br\/site\/?s={search_term_string}\"},\"query-input\":{\"@type\":\"PropertyValueSpecification\",\"valueRequired\":true,\"valueName\":\"search_term_string\"}}],\"inLanguage\":\"pt-BR\"},{\"@type\":\"Organization\",\"@id\":\"https:\/\/mangueira.com.br\/site\/#organization\",\"name\":\"Mangueira\",\"url\":\"https:\/\/mangueira.com.br\/site\/\",\"logo\":{\"@type\":\"ImageObject\",\"inLanguage\":\"pt-BR\",\"@id\":\"https:\/\/mangueira.com.br\/site\/#\/schema\/logo\/image\/\",\"url\":\"https:\/\/mangueira.com.br\/site\/wp-content\/uploads\/2021\/03\/mangueira-logo-BrancoBrancoPeq-1.png\",\"contentUrl\":\"https:\/\/mangueira.com.br\/site\/wp-content\/uploads\/2021\/03\/mangueira-logo-BrancoBrancoPeq-1.png\",\"width\":350,\"height\":415,\"caption\":\"Mangueira\"},\"image\":{\"@id\":\"https:\/\/mangueira.com.br\/site\/#\/schema\/logo\/image\/\"},\"sameAs\":[\"https:\/\/facebook.com\/GRESEPMangueira\",\"https:\/\/x.com\/gresmangueira\",\"https:\/\/www.instagram.com\/mangueira_oficial\",\"https:\/\/www.youtube.com\/c\/estacaoprimeirademangueira\"]},{\"@type\":\"Person\",\"@id\":\"https:\/\/mangueira.com.br\/site\/#\/schema\/person\/af4ea5f76f3836d5b8af3ec3bdfebe72\",\"name\":\"Renata Rodrigues\",\"image\":{\"@type\":\"ImageObject\",\"inLanguage\":\"pt-BR\",\"@id\":\"https:\/\/mangueira.com.br\/site\/#\/schema\/person\/image\/\",\"url\":\"https:\/\/secure.gravatar.com\/avatar\/9da23e9fdd65d10deeeac511c7c09263?s=96&d=mm&r=g\",\"contentUrl\":\"https:\/\/secure.gravatar.com\/avatar\/9da23e9fdd65d10deeeac511c7c09263?s=96&d=mm&r=g\",\"caption\":\"Renata Rodrigues\"},\"url\":\"https:\/\/mangueira.com.br\/site\/author\/assessoria-mangueira2\/\"}]}<\/script>\n<!-- \/ Yoast SEO plugin. -->","yoast_head_json":{"title":"Karihah e Mumuzinho embalam s\u00e1bado de feijoada na Mangueira - Mangueira","robots":{"index":"index","follow":"follow","max-snippet":"max-snippet:-1","max-image-preview":"max-image-preview:large","max-video-preview":"max-video-preview:-1"},"canonical":"https:\/\/mangueira.com.br\/site\/2023\/09\/18\/karihah-e-mumuzinho-embalam-sabado-de-feijoada-na-mangueira\/","og_locale":"pt_BR","og_type":"article","og_title":"Karihah e Mumuzinho embalam s\u00e1bado de feijoada na Mangueira - Mangueira","og_description":"Por Renata Rodrigues RIO DE JANEIRO &#8211; Foi aqui que pediram mais feijoada? Ent\u00e3o se preparem, pois em outubro a Verde e Rosa promete fazer hist\u00f3ria! Na segunda edi\u00e7\u00e3o da Temporada 2024, o palco da Esta\u00e7\u00e3o Primeira recebe Karinah e o cantor Mumuzinho. No dia 14 de outubro, o Pal\u00e1cio do Samba fica aberto a partir das 13h.&nbsp; E os ingressos j\u00e1 est\u00e3o \u00e0 venda no site da agremia\u00e7\u00e3o. A musa Karinah se apresenta pela primeira vez na quadra da escola e abre caminho para uma nova gera\u00e7\u00e3o de mulheres que fazem samba. O consagrado Mumuzinho estar\u00e1 ao lado da\u2026","og_url":"https:\/\/mangueira.com.br\/site\/2023\/09\/18\/karihah-e-mumuzinho-embalam-sabado-de-feijoada-na-mangueira\/","og_site_name":"Mangueira","article_publisher":"https:\/\/facebook.com\/GRESEPMangueira","article_published_time":"2023-09-18T18:13:56+00:00","og_image":[{"width":1024,"height":682,"url":"https:\/\/mangueira.com.br\/site\/wp-content\/uploads\/2023\/09\/image-4-1024x682.png","type":"image\/png"}],"author":"Renata Rodrigues","twitter_card":"summary_large_image","twitter_creator":"@gresmangueira","twitter_site":"@gresmangueira","twitter_misc":{"Escrito por":"Renata Rodrigues","Est. tempo de leitura":"3 minutos"},"schema":{"@context":"https:\/\/schema.org","@graph":[{"@type":"Article","@id":"https:\/\/mangueira.com.br\/site\/2023\/09\/18\/karihah-e-mumuzinho-embalam-sabado-de-feijoada-na-mangueira\/#article","isPartOf":{"@id":"https:\/\/mangueira.com.br\/site\/2023\/09\/18\/karihah-e-mumuzinho-embalam-sabado-de-feijoada-na-mangueira\/"},"author":{"name":"Renata Rodrigues","@id":"https:\/\/mangueira.com.br\/site\/#\/schema\/person\/af4ea5f76f3836d5b8af3ec3bdfebe72"},"headline":"Karihah e Mumuzinho embalam s\u00e1bado de feijoada na Mangueira","datePublished":"2023-09-18T18:13:56+00:00","mainEntityOfPage":{"@id":"https:\/\/mangueira.com.br\/site\/2023\/09\/18\/karihah-e-mumuzinho-embalam-sabado-de-feijoada-na-mangueira\/"},"wordCount":600,"publisher":{"@id":"https:\/\/mangueira.com.br\/site\/#organization"},"image":{"@id":"https:\/\/mangueira.com.br\/site\/2023\/09\/18\/karihah-e-mumuzinho-embalam-sabado-de-feijoada-na-mangueira\/#primaryimage"},"thumbnailUrl":"https:\/\/mangueira.com.br\/site\/wp-content\/uploads\/2023\/09\/image-4.png","articleSection":["Exibir Home","Geral","Na-Midia"],"inLanguage":"pt-BR"},{"@type":"WebPage","@id":"https:\/\/mangueira.com.br\/site\/2023\/09\/18\/karihah-e-mumuzinho-embalam-sabado-de-feijoada-na-mangueira\/","url":"https:\/\/mangueira.com.br\/site\/2023\/09\/18\/karihah-e-mumuzinho-embalam-sabado-de-feijoada-na-mangueira\/","name":"Karihah e Mumuzinho embalam s\u00e1bado de feijoada na Mangueira - Mangueira","isPartOf":{"@id":"https:\/\/mangueira.com.br\/site\/#website"},"primaryImageOfPage":{"@id":"https:\/\/mangueira.com.br\/site\/2023\/09\/18\/karihah-e-mumuzinho-embalam-sabado-de-feijoada-na-mangueira\/#primaryimage"},"image":{"@id":"https:\/\/mangueira.com.br\/site\/2023\/09\/18\/karihah-e-mumuzinho-embalam-sabado-de-feijoada-na-mangueira\/#primaryimage"},"thumbnailUrl":"https:\/\/mangueira.com.br\/site\/wp-content\/uploads\/2023\/09\/image-4.png","datePublished":"2023-09-18T18:13:56+00:00","breadcrumb":{"@id":"https:\/\/mangueira.com.br\/site\/2023\/09\/18\/karihah-e-mumuzinho-embalam-sabado-de-feijoada-na-mangueira\/#breadcrumb"},"inLanguage":"pt-BR","potentialAction":[{"@type":"ReadAction","target":["https:\/\/mangueira.com.br\/site\/2023\/09\/18\/karihah-e-mumuzinho-embalam-sabado-de-feijoada-na-mangueira\/"]}]},{"@type":"ImageObject","inLanguage":"pt-BR","@id":"https:\/\/mangueira.com.br\/site\/2023\/09\/18\/karihah-e-mumuzinho-embalam-sabado-de-feijoada-na-mangueira\/#primaryimage","url":"https:\/\/mangueira.com.br\/site\/wp-content\/uploads\/2023\/09\/image-4.png","contentUrl":"https:\/\/mangueira.com.br\/site\/wp-content\/uploads\/2023\/09\/image-4.png","width":4928,"height":3280},{"@type":"BreadcrumbList","@id":"https:\/\/mangueira.com.br\/site\/2023\/09\/18\/karihah-e-mumuzinho-embalam-sabado-de-feijoada-na-mangueira\/#breadcrumb","itemListElement":[{"@type":"ListItem","position":1,"name":"In\u00edcio","item":"https:\/\/mangueira.com.br\/site\/"},{"@type":"ListItem","position":2,"name":"Karihah e Mumuzinho embalam s\u00e1bado de feijoada na Mangueira"}]},{"@type":"WebSite","@id":"https:\/\/mangueira.com.br\/site\/#website","url":"https:\/\/mangueira.com.br\/site\/","name":"Mangueira","description":"A Maior Escola de Samba do Planeta","publisher":{"@id":"https:\/\/mangueira.com.br\/site\/#organization"},"potentialAction":[{"@type":"SearchAction","target":{"@type":"EntryPoint","urlTemplate":"https:\/\/mangueira.com.br\/site\/?s={search_term_string}"},"query-input":{"@type":"PropertyValueSpecification","valueRequired":true,"valueName":"search_term_string"}}],"inLanguage":"pt-BR"},{"@type":"Organization","@id":"https:\/\/mangueira.com.br\/site\/#organization","name":"Mangueira","url":"https:\/\/mangueira.com.br\/site\/","logo":{"@type":"ImageObject","inLanguage":"pt-BR","@id":"https:\/\/mangueira.com.br\/site\/#\/schema\/logo\/image\/","url":"https:\/\/mangueira.com.br\/site\/wp-content\/uploads\/2021\/03\/mangueira-logo-BrancoBrancoPeq-1.png","contentUrl":"https:\/\/mangueira.com.br\/site\/wp-content\/uploads\/2021\/03\/mangueira-logo-BrancoBrancoPeq-1.png","width":350,"height":415,"caption":"Mangueira"},"image":{"@id":"https:\/\/mangueira.com.br\/site\/#\/schema\/logo\/image\/"},"sameAs":["https:\/\/facebook.com\/GRESEPMangueira","https:\/\/x.com\/gresmangueira","https:\/\/www.instagram.com\/mangueira_oficial","https:\/\/www.youtube.com\/c\/estacaoprimeirademangueira"]},{"@type":"Person","@id":"https:\/\/mangueira.com.br\/site\/#\/schema\/person\/af4ea5f76f3836d5b8af3ec3bdfebe72","name":"Renata Rodrigues","image":{"@type":"ImageObject","inLanguage":"pt-BR","@id":"https:\/\/mangueira.com.br\/site\/#\/schema\/person\/image\/","url":"https:\/\/secure.gravatar.com\/avatar\/9da23e9fdd65d10deeeac511c7c09263?s=96&d=mm&r=g","contentUrl":"https:\/\/secure.gravatar.com\/avatar\/9da23e9fdd65d10deeeac511c7c09263?s=96&d=mm&r=g","caption":"Renata Rodrigues"},"url":"https:\/\/mangueira.com.br\/site\/author\/assessoria-mangueira2\/"}]}},"uagb_featured_image_src":{"full":["https:\/\/mangueira.com.br\/site\/wp-content\/uploads\/2023\/09\/image-4.png",4928,3280,false],"thumbnail":["https:\/\/mangueira.com.br\/site\/wp-content\/uploads\/2023\/09\/image-4-150x150.png",150,150,true],"medium":["https:\/\/mangueira.com.br\/site\/wp-content\/uploads\/2023\/09\/image-4-300x200.png",300,200,true],"medium_large":["https:\/\/mangueira.com.br\/site\/wp-content\/uploads\/2023\/09\/image-4-768x511.png",768,511,true],"large":["https:\/\/mangueira.com.br\/site\/wp-content\/uploads\/2023\/09\/image-4-1024x682.png",1024,682,true],"1536x1536":["https:\/\/mangueira.com.br\/site\/wp-content\/uploads\/2023\/09\/image-4-1536x1022.png",1536,1022,true],"2048x2048":["https:\/\/mangueira.com.br\/site\/wp-content\/uploads\/2023\/09\/image-4-2048x1363.png",2048,1363,true]},"uagb_author_info":{"display_name":"Renata Rodrigues","author_link":"https:\/\/mangueira.com.br\/site\/author\/assessoria-mangueira2\/"},"uagb_comment_info":0,"uagb_excerpt":"Por Renata Rodrigues RIO DE JANEIRO &#8211; Foi aqui que pediram mais feijoada? Ent\u00e3o se preparem, pois em outubro a Verde e Rosa promete fazer hist\u00f3ria! Na segunda edi\u00e7\u00e3o da Temporada 2024, o palco da Esta\u00e7\u00e3o Primeira recebe Karinah e o cantor Mumuzinho. No dia 14 de outubro, o Pal\u00e1cio do Samba fica aberto a&hellip;","_links":{"self":[{"href":"https:\/\/mangueira.com.br\/site\/wp-json\/wp\/v2\/posts\/5747","targetHints":{"allow":["GET"]}}],"collection":[{"href":"https:\/\/mangueira.com.br\/site\/wp-json\/wp\/v2\/posts"}],"about":[{"href":"https:\/\/mangueira.com.br\/site\/wp-json\/wp\/v2\/types\/post"}],"author":[{"embeddable":true,"href":"https:\/\/mangueira.com.br\/site\/wp-json\/wp\/v2\/users\/3"}],"replies":[{"embeddable":true,"href":"https:\/\/mangueira.com.br\/site\/wp-json\/wp\/v2\/comments?post=5747"}],"version-history":[{"count":1,"href":"https:\/\/mangueira.com.br\/site\/wp-json\/wp\/v2\/posts\/5747\/revisions"}],"predecessor-version":[{"id":5749,"href":"https:\/\/mangueira.com.br\/site\/wp-json\/wp\/v2\/posts\/5747\/revisions\/5749"}],"wp:featuredmedia":[{"embeddable":true,"href":"https:\/\/mangueira.com.br\/site\/wp-json\/wp\/v2\/media\/5748"}],"wp:attachment":[{"href":"https:\/\/mangueira.com.br\/site\/wp-json\/wp\/v2\/media?parent=5747"}],"wp:term":[{"taxonomy":"category","embeddable":true,"href":"https:\/\/mangueira.com.br\/site\/wp-json\/wp\/v2\/categories?post=5747"},{"taxonomy":"post_tag","embeddable":true,"href":"https:\/\/mangueira.com.br\/site\/wp-json\/wp\/v2\/tags?post=5747"}],"curies":[{"name":"wp","href":"https:\/\/api.w.org\/{rel}","templated":true}]}}