{"id":5698,"date":"2023-09-02T18:05:36","date_gmt":"2023-09-02T21:05:36","guid":{"rendered":"https:\/\/mangueira.com.br\/site\/?p=5698"},"modified":"2023-09-05T00:05:57","modified_gmt":"2023-09-05T03:05:57","slug":"kaio-mackenzie-e-escolhido-o-primeiro-rei-momo-da-historia-da-mangueira","status":"publish","type":"post","link":"https:\/\/mangueira.com.br\/site\/2023\/09\/02\/kaio-mackenzie-e-escolhido-o-primeiro-rei-momo-da-historia-da-mangueira\/","title":{"rendered":"Kaio Mackenzie \u00e9 escolhido o primeiro Rei Momo da hist\u00f3ria da Mangueira"},"content":{"rendered":"\n<div class=\"wp-block-image\"><figure class=\"aligncenter size-large\"><img fetchpriority=\"high\" decoding=\"async\" width=\"343\" height=\"400\" src=\"https:\/\/mangueira.com.br\/site\/wp-content\/uploads\/2023\/09\/image-1.png\" alt=\"\" class=\"wp-image-5702\" srcset=\"https:\/\/mangueira.com.br\/site\/wp-content\/uploads\/2023\/09\/image-1.png 343w, https:\/\/mangueira.com.br\/site\/wp-content\/uploads\/2023\/09\/image-1-257x300.png 257w\" sizes=\"(max-width: 343px) 100vw, 343px\" \/><\/figure><\/div>\n\n\n\n<p><strong><em>Bruneca Menezes, passista da Esta\u00e7\u00e3o Primeira, \u00e9 uma das Princesas<\/em><\/strong><\/p>\n\n\n\n<p><em><strong>Escola \u00e9 a \u00fanica a ter dois integrantes na Corte Real do Carnaval 2024<\/strong><\/em><\/p>\n\n\n\n<p><em>Por Renata Rodrigues<\/em><\/p>\n\n\n\n<p><strong>RIO DE JANEIRO &#8211; <\/strong>A cidade do Rio de Janeiro j\u00e1 tem sua Corte Real do Carnaval 2024. E n\u00e3o teve jeito: a disputa, que foi muito acirrada, ficou marcada por Verde e Rosa. Kaio Mackenzie, 27 anos, foi escolhido o primeiro Rei Momo da hist\u00f3ria da Mangueira. Bruna Menezes, a Bruneca, 18 anos, ficou com o posto de Primeira Princesa, o que faz com que a agremia\u00e7\u00e3o seja a \u00fanica com dois representantes na corte do pr\u00f3ximo carnaval.<\/p>\n\n\n\n<p>A Final do concurso reuniu 10 candidatas para o t\u00edtulo de Rainha e Princesas e cinco finalistas para o posto de 1\u00ba Rei Momo e \u00danico, ocorreu nesta sexta-feira (1\/9), na Cidade do Samba, e agitou as muitas torcidas presentes. Gabriela Mendes Medeiros (Rainha &#8211; representante da GRES Mocidade Independente de Padre Miguel), Bruna dos Santos Gomes de Menezes (1\u00aa Princesa &#8211; representante da GRES Esta\u00e7\u00e3o Primeira de Mangueira), Ana Carolina de Souza (2\u00aa Princesa &#8211; representante da Unidos de Bangu); Caio C\u00e9sar (Rei Momo &#8211; representante da GRES Esta\u00e7\u00e3o Primeira de Mangueira) e Jo\u00e3o Vitor Tavares (Vice-Rei Momo &#8211; representante Rosas de Ouro) foram os eleitos da noite.&nbsp;<\/p>\n\n\n\n<p>O resultado teve como base o somat\u00f3rio das notas de 10 jurados, (de 1 a 5), e com o adicional de 3 pontos para o mais votado pelo j\u00fari popular. Mais de 200 mil pessoas ajudaram a escolher atrav\u00e9s da vota\u00e7\u00e3o no portal de not\u00edcias G1, que encerrou \u00e0s 18h desta sexta-feira, 01\/9, um recorde para as disputas.<\/p>\n\n\n\n<p>Al\u00e9m de integrar a Corte Real do Carnaval 2024, os vencedores recebem uma premia\u00e7\u00e3o em dinheiro: a primeira colocada leva para a casa a coroa de Rainha e um pr\u00eamio na quantia de R$45.500. J\u00e1 a segunda e a terceira colocada ser\u00e3o coroadas como Princesas, recebendo cada uma a import\u00e2ncia de R$32.500. Para o t\u00edtulo de 1\u00ba Rei Momo, o ganhador tamb\u00e9m recebe uma coroa, al\u00e9m de embolsar a quantia de R$45.000; j\u00e1 o Vice-Rei R$8.000.<\/p>\n","protected":false},"excerpt":{"rendered":"<p>Bruneca Menezes, passista da Esta\u00e7\u00e3o Primeira, \u00e9 uma das Princesas Escola \u00e9 a \u00fanica a ter dois integrantes na Corte Real do Carnaval 2024 Por Renata Rodrigues RIO DE JANEIRO &#8211; A cidade do Rio de Janeiro j\u00e1 tem sua Corte Real do Carnaval 2024. E n\u00e3o teve jeito: a disputa, que foi muito acirrada, ficou marcada por Verde e Rosa. Kaio Mackenzie, 27 anos, foi escolhido o primeiro Rei Momo da hist\u00f3ria da Mangueira. Bruna Menezes, a Bruneca, 18 anos, ficou com o posto de Primeira Princesa, o que faz com que a agremia\u00e7\u00e3o seja a \u00fanica com dois\u2026<\/p>\n","protected":false},"author":3,"featured_media":5711,"comment_status":"closed","ping_status":"","sticky":false,"template":"","format":"standard","meta":{"footnotes":""},"categories":[45,33,88,1],"tags":[],"class_list":["post-5698","post","type-post","status-publish","format-standard","has-post-thumbnail","hentry","category-exibir-home","category-geral","category-na-midia","category-sem-categoria"],"blocksy_meta":"","featured_image_urls":{"full":["https:\/\/mangueira.com.br\/site\/wp-content\/uploads\/2023\/09\/53159284755_c03567b96a_k-1.jpg",1080,720,false],"thumbnail":["https:\/\/mangueira.com.br\/site\/wp-content\/uploads\/2023\/09\/53159284755_c03567b96a_k-1-150x150.jpg",150,150,true],"medium":["https:\/\/mangueira.com.br\/site\/wp-content\/uploads\/2023\/09\/53159284755_c03567b96a_k-1-300x200.jpg",300,200,true],"medium_large":["https:\/\/mangueira.com.br\/site\/wp-content\/uploads\/2023\/09\/53159284755_c03567b96a_k-1-768x512.jpg",768,512,true],"large":["https:\/\/mangueira.com.br\/site\/wp-content\/uploads\/2023\/09\/53159284755_c03567b96a_k-1-1024x683.jpg",1024,683,true],"1536x1536":["https:\/\/mangueira.com.br\/site\/wp-content\/uploads\/2023\/09\/53159284755_c03567b96a_k-1.jpg",1080,720,false],"2048x2048":["https:\/\/mangueira.com.br\/site\/wp-content\/uploads\/2023\/09\/53159284755_c03567b96a_k-1.jpg",1080,720,false]},"post_excerpt_stackable":"<p>Bruneca Menezes, passista da Esta\u00e7\u00e3o Primeira, \u00e9 uma das Princesas Escola \u00e9 a \u00fanica a ter dois integrantes na Corte Real do Carnaval 2024 Por Renata Rodrigues RIO DE JANEIRO &#8211; A cidade do Rio de Janeiro j\u00e1 tem sua Corte Real do Carnaval 2024. E n\u00e3o teve jeito: a disputa, que foi muito acirrada, ficou marcada por Verde e Rosa. Kaio Mackenzie, 27 anos, foi escolhido o primeiro Rei Momo da hist\u00f3ria da Mangueira. Bruna Menezes, a Bruneca, 18 anos, ficou com o posto de Primeira Princesa, o que faz com que a agremia\u00e7\u00e3o seja a \u00fanica com dois&hellip;<\/p>\n","category_list":"<a href=\"https:\/\/mangueira.com.br\/site\/category\/exibir-home\/\" rel=\"category tag\">Exibir Home<\/a>, <a href=\"https:\/\/mangueira.com.br\/site\/category\/geral\/\" rel=\"category tag\">Geral<\/a>, <a href=\"https:\/\/mangueira.com.br\/site\/category\/na-midia\/\" rel=\"category tag\">Na-Midia<\/a>, <a href=\"https:\/\/mangueira.com.br\/site\/category\/sem-categoria\/\" rel=\"category tag\">Sem categoria<\/a>","author_info":{"name":"Renata Rodrigues","url":"https:\/\/mangueira.com.br\/site\/author\/assessoria-mangueira2\/"},"comments_num":"0 coment\u00e1rio","yoast_head":"<!-- This site is optimized with the Yoast SEO plugin v26.7 - https:\/\/yoast.com\/wordpress\/plugins\/seo\/ -->\n<title>Kaio Mackenzie \u00e9 escolhido o primeiro Rei Momo da hist\u00f3ria da Mangueira - Mangueira<\/title>\n<meta name=\"robots\" content=\"index, follow, max-snippet:-1, max-image-preview:large, max-video-preview:-1\" \/>\n<link rel=\"canonical\" href=\"https:\/\/mangueira.com.br\/site\/2023\/09\/02\/kaio-mackenzie-e-escolhido-o-primeiro-rei-momo-da-historia-da-mangueira\/\" \/>\n<meta property=\"og:locale\" content=\"pt_BR\" \/>\n<meta property=\"og:type\" content=\"article\" \/>\n<meta property=\"og:title\" content=\"Kaio Mackenzie \u00e9 escolhido o primeiro Rei Momo da hist\u00f3ria da Mangueira - Mangueira\" \/>\n<meta property=\"og:description\" content=\"Bruneca Menezes, passista da Esta\u00e7\u00e3o Primeira, \u00e9 uma das Princesas Escola \u00e9 a \u00fanica a ter dois integrantes na Corte Real do Carnaval 2024 Por Renata Rodrigues RIO DE JANEIRO &#8211; A cidade do Rio de Janeiro j\u00e1 tem sua Corte Real do Carnaval 2024. E n\u00e3o teve jeito: a disputa, que foi muito acirrada, ficou marcada por Verde e Rosa. Kaio Mackenzie, 27 anos, foi escolhido o primeiro Rei Momo da hist\u00f3ria da Mangueira. Bruna Menezes, a Bruneca, 18 anos, ficou com o posto de Primeira Princesa, o que faz com que a agremia\u00e7\u00e3o seja a \u00fanica com dois\u2026\" \/>\n<meta property=\"og:url\" content=\"https:\/\/mangueira.com.br\/site\/2023\/09\/02\/kaio-mackenzie-e-escolhido-o-primeiro-rei-momo-da-historia-da-mangueira\/\" \/>\n<meta property=\"og:site_name\" content=\"Mangueira\" \/>\n<meta property=\"article:publisher\" content=\"https:\/\/facebook.com\/GRESEPMangueira\" \/>\n<meta property=\"article:published_time\" content=\"2023-09-02T21:05:36+00:00\" \/>\n<meta property=\"article:modified_time\" content=\"2023-09-05T03:05:57+00:00\" \/>\n<meta property=\"og:image\" content=\"https:\/\/mangueira.com.br\/site\/wp-content\/uploads\/2023\/09\/53159284755_c03567b96a_k-1.jpg\" \/>\n\t<meta property=\"og:image:width\" content=\"1080\" \/>\n\t<meta property=\"og:image:height\" content=\"720\" \/>\n\t<meta property=\"og:image:type\" content=\"image\/jpeg\" \/>\n<meta name=\"author\" content=\"Renata Rodrigues\" \/>\n<meta name=\"twitter:card\" content=\"summary_large_image\" \/>\n<meta name=\"twitter:creator\" content=\"@gresmangueira\" \/>\n<meta name=\"twitter:site\" content=\"@gresmangueira\" \/>\n<meta name=\"twitter:label1\" content=\"Escrito por\" \/>\n\t<meta name=\"twitter:data1\" content=\"Renata Rodrigues\" \/>\n\t<meta name=\"twitter:label2\" content=\"Est. tempo de leitura\" \/>\n\t<meta name=\"twitter:data2\" content=\"2 minutos\" \/>\n<script type=\"application\/ld+json\" class=\"yoast-schema-graph\">{\"@context\":\"https:\/\/schema.org\",\"@graph\":[{\"@type\":\"Article\",\"@id\":\"https:\/\/mangueira.com.br\/site\/2023\/09\/02\/kaio-mackenzie-e-escolhido-o-primeiro-rei-momo-da-historia-da-mangueira\/#article\",\"isPartOf\":{\"@id\":\"https:\/\/mangueira.com.br\/site\/2023\/09\/02\/kaio-mackenzie-e-escolhido-o-primeiro-rei-momo-da-historia-da-mangueira\/\"},\"author\":{\"name\":\"Renata Rodrigues\",\"@id\":\"https:\/\/mangueira.com.br\/site\/#\/schema\/person\/af4ea5f76f3836d5b8af3ec3bdfebe72\"},\"headline\":\"Kaio Mackenzie \u00e9 escolhido o primeiro Rei Momo da hist\u00f3ria da Mangueira\",\"datePublished\":\"2023-09-02T21:05:36+00:00\",\"dateModified\":\"2023-09-05T03:05:57+00:00\",\"mainEntityOfPage\":{\"@id\":\"https:\/\/mangueira.com.br\/site\/2023\/09\/02\/kaio-mackenzie-e-escolhido-o-primeiro-rei-momo-da-historia-da-mangueira\/\"},\"wordCount\":366,\"publisher\":{\"@id\":\"https:\/\/mangueira.com.br\/site\/#organization\"},\"image\":{\"@id\":\"https:\/\/mangueira.com.br\/site\/2023\/09\/02\/kaio-mackenzie-e-escolhido-o-primeiro-rei-momo-da-historia-da-mangueira\/#primaryimage\"},\"thumbnailUrl\":\"https:\/\/mangueira.com.br\/site\/wp-content\/uploads\/2023\/09\/53159284755_c03567b96a_k-1.jpg\",\"articleSection\":[\"Exibir Home\",\"Geral\",\"Na-Midia\"],\"inLanguage\":\"pt-BR\"},{\"@type\":\"WebPage\",\"@id\":\"https:\/\/mangueira.com.br\/site\/2023\/09\/02\/kaio-mackenzie-e-escolhido-o-primeiro-rei-momo-da-historia-da-mangueira\/\",\"url\":\"https:\/\/mangueira.com.br\/site\/2023\/09\/02\/kaio-mackenzie-e-escolhido-o-primeiro-rei-momo-da-historia-da-mangueira\/\",\"name\":\"Kaio Mackenzie \u00e9 escolhido o primeiro Rei Momo da hist\u00f3ria da Mangueira - Mangueira\",\"isPartOf\":{\"@id\":\"https:\/\/mangueira.com.br\/site\/#website\"},\"primaryImageOfPage\":{\"@id\":\"https:\/\/mangueira.com.br\/site\/2023\/09\/02\/kaio-mackenzie-e-escolhido-o-primeiro-rei-momo-da-historia-da-mangueira\/#primaryimage\"},\"image\":{\"@id\":\"https:\/\/mangueira.com.br\/site\/2023\/09\/02\/kaio-mackenzie-e-escolhido-o-primeiro-rei-momo-da-historia-da-mangueira\/#primaryimage\"},\"thumbnailUrl\":\"https:\/\/mangueira.com.br\/site\/wp-content\/uploads\/2023\/09\/53159284755_c03567b96a_k-1.jpg\",\"datePublished\":\"2023-09-02T21:05:36+00:00\",\"dateModified\":\"2023-09-05T03:05:57+00:00\",\"breadcrumb\":{\"@id\":\"https:\/\/mangueira.com.br\/site\/2023\/09\/02\/kaio-mackenzie-e-escolhido-o-primeiro-rei-momo-da-historia-da-mangueira\/#breadcrumb\"},\"inLanguage\":\"pt-BR\",\"potentialAction\":[{\"@type\":\"ReadAction\",\"target\":[\"https:\/\/mangueira.com.br\/site\/2023\/09\/02\/kaio-mackenzie-e-escolhido-o-primeiro-rei-momo-da-historia-da-mangueira\/\"]}]},{\"@type\":\"ImageObject\",\"inLanguage\":\"pt-BR\",\"@id\":\"https:\/\/mangueira.com.br\/site\/2023\/09\/02\/kaio-mackenzie-e-escolhido-o-primeiro-rei-momo-da-historia-da-mangueira\/#primaryimage\",\"url\":\"https:\/\/mangueira.com.br\/site\/wp-content\/uploads\/2023\/09\/53159284755_c03567b96a_k-1.jpg\",\"contentUrl\":\"https:\/\/mangueira.com.br\/site\/wp-content\/uploads\/2023\/09\/53159284755_c03567b96a_k-1.jpg\",\"width\":1080,\"height\":720},{\"@type\":\"BreadcrumbList\",\"@id\":\"https:\/\/mangueira.com.br\/site\/2023\/09\/02\/kaio-mackenzie-e-escolhido-o-primeiro-rei-momo-da-historia-da-mangueira\/#breadcrumb\",\"itemListElement\":[{\"@type\":\"ListItem\",\"position\":1,\"name\":\"In\u00edcio\",\"item\":\"https:\/\/mangueira.com.br\/site\/\"},{\"@type\":\"ListItem\",\"position\":2,\"name\":\"Kaio Mackenzie \u00e9 escolhido o primeiro Rei Momo da hist\u00f3ria da Mangueira\"}]},{\"@type\":\"WebSite\",\"@id\":\"https:\/\/mangueira.com.br\/site\/#website\",\"url\":\"https:\/\/mangueira.com.br\/site\/\",\"name\":\"Mangueira\",\"description\":\"A Maior Escola de Samba do Planeta\",\"publisher\":{\"@id\":\"https:\/\/mangueira.com.br\/site\/#organization\"},\"potentialAction\":[{\"@type\":\"SearchAction\",\"target\":{\"@type\":\"EntryPoint\",\"urlTemplate\":\"https:\/\/mangueira.com.br\/site\/?s={search_term_string}\"},\"query-input\":{\"@type\":\"PropertyValueSpecification\",\"valueRequired\":true,\"valueName\":\"search_term_string\"}}],\"inLanguage\":\"pt-BR\"},{\"@type\":\"Organization\",\"@id\":\"https:\/\/mangueira.com.br\/site\/#organization\",\"name\":\"Mangueira\",\"url\":\"https:\/\/mangueira.com.br\/site\/\",\"logo\":{\"@type\":\"ImageObject\",\"inLanguage\":\"pt-BR\",\"@id\":\"https:\/\/mangueira.com.br\/site\/#\/schema\/logo\/image\/\",\"url\":\"https:\/\/mangueira.com.br\/site\/wp-content\/uploads\/2021\/03\/mangueira-logo-BrancoBrancoPeq-1.png\",\"contentUrl\":\"https:\/\/mangueira.com.br\/site\/wp-content\/uploads\/2021\/03\/mangueira-logo-BrancoBrancoPeq-1.png\",\"width\":350,\"height\":415,\"caption\":\"Mangueira\"},\"image\":{\"@id\":\"https:\/\/mangueira.com.br\/site\/#\/schema\/logo\/image\/\"},\"sameAs\":[\"https:\/\/facebook.com\/GRESEPMangueira\",\"https:\/\/x.com\/gresmangueira\",\"https:\/\/www.instagram.com\/mangueira_oficial\",\"https:\/\/www.youtube.com\/c\/estacaoprimeirademangueira\"]},{\"@type\":\"Person\",\"@id\":\"https:\/\/mangueira.com.br\/site\/#\/schema\/person\/af4ea5f76f3836d5b8af3ec3bdfebe72\",\"name\":\"Renata Rodrigues\",\"image\":{\"@type\":\"ImageObject\",\"inLanguage\":\"pt-BR\",\"@id\":\"https:\/\/mangueira.com.br\/site\/#\/schema\/person\/image\/\",\"url\":\"https:\/\/secure.gravatar.com\/avatar\/9da23e9fdd65d10deeeac511c7c09263?s=96&d=mm&r=g\",\"contentUrl\":\"https:\/\/secure.gravatar.com\/avatar\/9da23e9fdd65d10deeeac511c7c09263?s=96&d=mm&r=g\",\"caption\":\"Renata Rodrigues\"},\"url\":\"https:\/\/mangueira.com.br\/site\/author\/assessoria-mangueira2\/\"}]}<\/script>\n<!-- \/ Yoast SEO plugin. -->","yoast_head_json":{"title":"Kaio Mackenzie \u00e9 escolhido o primeiro Rei Momo da hist\u00f3ria da Mangueira - Mangueira","robots":{"index":"index","follow":"follow","max-snippet":"max-snippet:-1","max-image-preview":"max-image-preview:large","max-video-preview":"max-video-preview:-1"},"canonical":"https:\/\/mangueira.com.br\/site\/2023\/09\/02\/kaio-mackenzie-e-escolhido-o-primeiro-rei-momo-da-historia-da-mangueira\/","og_locale":"pt_BR","og_type":"article","og_title":"Kaio Mackenzie \u00e9 escolhido o primeiro Rei Momo da hist\u00f3ria da Mangueira - Mangueira","og_description":"Bruneca Menezes, passista da Esta\u00e7\u00e3o Primeira, \u00e9 uma das Princesas Escola \u00e9 a \u00fanica a ter dois integrantes na Corte Real do Carnaval 2024 Por Renata Rodrigues RIO DE JANEIRO &#8211; A cidade do Rio de Janeiro j\u00e1 tem sua Corte Real do Carnaval 2024. E n\u00e3o teve jeito: a disputa, que foi muito acirrada, ficou marcada por Verde e Rosa. Kaio Mackenzie, 27 anos, foi escolhido o primeiro Rei Momo da hist\u00f3ria da Mangueira. Bruna Menezes, a Bruneca, 18 anos, ficou com o posto de Primeira Princesa, o que faz com que a agremia\u00e7\u00e3o seja a \u00fanica com dois\u2026","og_url":"https:\/\/mangueira.com.br\/site\/2023\/09\/02\/kaio-mackenzie-e-escolhido-o-primeiro-rei-momo-da-historia-da-mangueira\/","og_site_name":"Mangueira","article_publisher":"https:\/\/facebook.com\/GRESEPMangueira","article_published_time":"2023-09-02T21:05:36+00:00","article_modified_time":"2023-09-05T03:05:57+00:00","og_image":[{"width":1080,"height":720,"url":"https:\/\/mangueira.com.br\/site\/wp-content\/uploads\/2023\/09\/53159284755_c03567b96a_k-1.jpg","type":"image\/jpeg"}],"author":"Renata Rodrigues","twitter_card":"summary_large_image","twitter_creator":"@gresmangueira","twitter_site":"@gresmangueira","twitter_misc":{"Escrito por":"Renata Rodrigues","Est. tempo de leitura":"2 minutos"},"schema":{"@context":"https:\/\/schema.org","@graph":[{"@type":"Article","@id":"https:\/\/mangueira.com.br\/site\/2023\/09\/02\/kaio-mackenzie-e-escolhido-o-primeiro-rei-momo-da-historia-da-mangueira\/#article","isPartOf":{"@id":"https:\/\/mangueira.com.br\/site\/2023\/09\/02\/kaio-mackenzie-e-escolhido-o-primeiro-rei-momo-da-historia-da-mangueira\/"},"author":{"name":"Renata Rodrigues","@id":"https:\/\/mangueira.com.br\/site\/#\/schema\/person\/af4ea5f76f3836d5b8af3ec3bdfebe72"},"headline":"Kaio Mackenzie \u00e9 escolhido o primeiro Rei Momo da hist\u00f3ria da Mangueira","datePublished":"2023-09-02T21:05:36+00:00","dateModified":"2023-09-05T03:05:57+00:00","mainEntityOfPage":{"@id":"https:\/\/mangueira.com.br\/site\/2023\/09\/02\/kaio-mackenzie-e-escolhido-o-primeiro-rei-momo-da-historia-da-mangueira\/"},"wordCount":366,"publisher":{"@id":"https:\/\/mangueira.com.br\/site\/#organization"},"image":{"@id":"https:\/\/mangueira.com.br\/site\/2023\/09\/02\/kaio-mackenzie-e-escolhido-o-primeiro-rei-momo-da-historia-da-mangueira\/#primaryimage"},"thumbnailUrl":"https:\/\/mangueira.com.br\/site\/wp-content\/uploads\/2023\/09\/53159284755_c03567b96a_k-1.jpg","articleSection":["Exibir Home","Geral","Na-Midia"],"inLanguage":"pt-BR"},{"@type":"WebPage","@id":"https:\/\/mangueira.com.br\/site\/2023\/09\/02\/kaio-mackenzie-e-escolhido-o-primeiro-rei-momo-da-historia-da-mangueira\/","url":"https:\/\/mangueira.com.br\/site\/2023\/09\/02\/kaio-mackenzie-e-escolhido-o-primeiro-rei-momo-da-historia-da-mangueira\/","name":"Kaio Mackenzie \u00e9 escolhido o primeiro Rei Momo da hist\u00f3ria da Mangueira - Mangueira","isPartOf":{"@id":"https:\/\/mangueira.com.br\/site\/#website"},"primaryImageOfPage":{"@id":"https:\/\/mangueira.com.br\/site\/2023\/09\/02\/kaio-mackenzie-e-escolhido-o-primeiro-rei-momo-da-historia-da-mangueira\/#primaryimage"},"image":{"@id":"https:\/\/mangueira.com.br\/site\/2023\/09\/02\/kaio-mackenzie-e-escolhido-o-primeiro-rei-momo-da-historia-da-mangueira\/#primaryimage"},"thumbnailUrl":"https:\/\/mangueira.com.br\/site\/wp-content\/uploads\/2023\/09\/53159284755_c03567b96a_k-1.jpg","datePublished":"2023-09-02T21:05:36+00:00","dateModified":"2023-09-05T03:05:57+00:00","breadcrumb":{"@id":"https:\/\/mangueira.com.br\/site\/2023\/09\/02\/kaio-mackenzie-e-escolhido-o-primeiro-rei-momo-da-historia-da-mangueira\/#breadcrumb"},"inLanguage":"pt-BR","potentialAction":[{"@type":"ReadAction","target":["https:\/\/mangueira.com.br\/site\/2023\/09\/02\/kaio-mackenzie-e-escolhido-o-primeiro-rei-momo-da-historia-da-mangueira\/"]}]},{"@type":"ImageObject","inLanguage":"pt-BR","@id":"https:\/\/mangueira.com.br\/site\/2023\/09\/02\/kaio-mackenzie-e-escolhido-o-primeiro-rei-momo-da-historia-da-mangueira\/#primaryimage","url":"https:\/\/mangueira.com.br\/site\/wp-content\/uploads\/2023\/09\/53159284755_c03567b96a_k-1.jpg","contentUrl":"https:\/\/mangueira.com.br\/site\/wp-content\/uploads\/2023\/09\/53159284755_c03567b96a_k-1.jpg","width":1080,"height":720},{"@type":"BreadcrumbList","@id":"https:\/\/mangueira.com.br\/site\/2023\/09\/02\/kaio-mackenzie-e-escolhido-o-primeiro-rei-momo-da-historia-da-mangueira\/#breadcrumb","itemListElement":[{"@type":"ListItem","position":1,"name":"In\u00edcio","item":"https:\/\/mangueira.com.br\/site\/"},{"@type":"ListItem","position":2,"name":"Kaio Mackenzie \u00e9 escolhido o primeiro Rei Momo da hist\u00f3ria da Mangueira"}]},{"@type":"WebSite","@id":"https:\/\/mangueira.com.br\/site\/#website","url":"https:\/\/mangueira.com.br\/site\/","name":"Mangueira","description":"A Maior Escola de Samba do Planeta","publisher":{"@id":"https:\/\/mangueira.com.br\/site\/#organization"},"potentialAction":[{"@type":"SearchAction","target":{"@type":"EntryPoint","urlTemplate":"https:\/\/mangueira.com.br\/site\/?s={search_term_string}"},"query-input":{"@type":"PropertyValueSpecification","valueRequired":true,"valueName":"search_term_string"}}],"inLanguage":"pt-BR"},{"@type":"Organization","@id":"https:\/\/mangueira.com.br\/site\/#organization","name":"Mangueira","url":"https:\/\/mangueira.com.br\/site\/","logo":{"@type":"ImageObject","inLanguage":"pt-BR","@id":"https:\/\/mangueira.com.br\/site\/#\/schema\/logo\/image\/","url":"https:\/\/mangueira.com.br\/site\/wp-content\/uploads\/2021\/03\/mangueira-logo-BrancoBrancoPeq-1.png","contentUrl":"https:\/\/mangueira.com.br\/site\/wp-content\/uploads\/2021\/03\/mangueira-logo-BrancoBrancoPeq-1.png","width":350,"height":415,"caption":"Mangueira"},"image":{"@id":"https:\/\/mangueira.com.br\/site\/#\/schema\/logo\/image\/"},"sameAs":["https:\/\/facebook.com\/GRESEPMangueira","https:\/\/x.com\/gresmangueira","https:\/\/www.instagram.com\/mangueira_oficial","https:\/\/www.youtube.com\/c\/estacaoprimeirademangueira"]},{"@type":"Person","@id":"https:\/\/mangueira.com.br\/site\/#\/schema\/person\/af4ea5f76f3836d5b8af3ec3bdfebe72","name":"Renata Rodrigues","image":{"@type":"ImageObject","inLanguage":"pt-BR","@id":"https:\/\/mangueira.com.br\/site\/#\/schema\/person\/image\/","url":"https:\/\/secure.gravatar.com\/avatar\/9da23e9fdd65d10deeeac511c7c09263?s=96&d=mm&r=g","contentUrl":"https:\/\/secure.gravatar.com\/avatar\/9da23e9fdd65d10deeeac511c7c09263?s=96&d=mm&r=g","caption":"Renata Rodrigues"},"url":"https:\/\/mangueira.com.br\/site\/author\/assessoria-mangueira2\/"}]}},"uagb_featured_image_src":{"full":["https:\/\/mangueira.com.br\/site\/wp-content\/uploads\/2023\/09\/53159284755_c03567b96a_k-1.jpg",1080,720,false],"thumbnail":["https:\/\/mangueira.com.br\/site\/wp-content\/uploads\/2023\/09\/53159284755_c03567b96a_k-1-150x150.jpg",150,150,true],"medium":["https:\/\/mangueira.com.br\/site\/wp-content\/uploads\/2023\/09\/53159284755_c03567b96a_k-1-300x200.jpg",300,200,true],"medium_large":["https:\/\/mangueira.com.br\/site\/wp-content\/uploads\/2023\/09\/53159284755_c03567b96a_k-1-768x512.jpg",768,512,true],"large":["https:\/\/mangueira.com.br\/site\/wp-content\/uploads\/2023\/09\/53159284755_c03567b96a_k-1-1024x683.jpg",1024,683,true],"1536x1536":["https:\/\/mangueira.com.br\/site\/wp-content\/uploads\/2023\/09\/53159284755_c03567b96a_k-1.jpg",1080,720,false],"2048x2048":["https:\/\/mangueira.com.br\/site\/wp-content\/uploads\/2023\/09\/53159284755_c03567b96a_k-1.jpg",1080,720,false]},"uagb_author_info":{"display_name":"Renata Rodrigues","author_link":"https:\/\/mangueira.com.br\/site\/author\/assessoria-mangueira2\/"},"uagb_comment_info":0,"uagb_excerpt":"Bruneca Menezes, passista da Esta\u00e7\u00e3o Primeira, \u00e9 uma das Princesas Escola \u00e9 a \u00fanica a ter dois integrantes na Corte Real do Carnaval 2024 Por Renata Rodrigues RIO DE JANEIRO &#8211; A cidade do Rio de Janeiro j\u00e1 tem sua Corte Real do Carnaval 2024. E n\u00e3o teve jeito: a disputa, que foi muito acirrada,&hellip;","_links":{"self":[{"href":"https:\/\/mangueira.com.br\/site\/wp-json\/wp\/v2\/posts\/5698","targetHints":{"allow":["GET"]}}],"collection":[{"href":"https:\/\/mangueira.com.br\/site\/wp-json\/wp\/v2\/posts"}],"about":[{"href":"https:\/\/mangueira.com.br\/site\/wp-json\/wp\/v2\/types\/post"}],"author":[{"embeddable":true,"href":"https:\/\/mangueira.com.br\/site\/wp-json\/wp\/v2\/users\/3"}],"replies":[{"embeddable":true,"href":"https:\/\/mangueira.com.br\/site\/wp-json\/wp\/v2\/comments?post=5698"}],"version-history":[{"count":3,"href":"https:\/\/mangueira.com.br\/site\/wp-json\/wp\/v2\/posts\/5698\/revisions"}],"predecessor-version":[{"id":5704,"href":"https:\/\/mangueira.com.br\/site\/wp-json\/wp\/v2\/posts\/5698\/revisions\/5704"}],"wp:featuredmedia":[{"embeddable":true,"href":"https:\/\/mangueira.com.br\/site\/wp-json\/wp\/v2\/media\/5711"}],"wp:attachment":[{"href":"https:\/\/mangueira.com.br\/site\/wp-json\/wp\/v2\/media?parent=5698"}],"wp:term":[{"taxonomy":"category","embeddable":true,"href":"https:\/\/mangueira.com.br\/site\/wp-json\/wp\/v2\/categories?post=5698"},{"taxonomy":"post_tag","embeddable":true,"href":"https:\/\/mangueira.com.br\/site\/wp-json\/wp\/v2\/tags?post=5698"}],"curies":[{"name":"wp","href":"https:\/\/api.w.org\/{rel}","templated":true}]}}