{"id":3735,"date":"2022-05-12T22:39:28","date_gmt":"2022-05-13T01:39:28","guid":{"rendered":"https:\/\/mangueira.com.br\/site\/?p=3735"},"modified":"2022-05-12T22:39:28","modified_gmt":"2022-05-13T01:39:28","slug":"novo-comando-na-bateria-da-mangueira","status":"publish","type":"post","link":"https:\/\/mangueira.com.br\/site\/2022\/05\/12\/novo-comando-na-bateria-da-mangueira\/","title":{"rendered":"Novo comando na bateria da Mangueira"},"content":{"rendered":"\n<figure class=\"wp-block-image size-large\"><img fetchpriority=\"high\" decoding=\"async\" width=\"1024\" height=\"683\" src=\"https:\/\/mangueira.com.br\/site\/wp-content\/uploads\/2022\/05\/rodrigo-explosao-e-taranta-neto-1024x683.jpg\" alt=\"\" class=\"wp-image-3736\" srcset=\"https:\/\/mangueira.com.br\/site\/wp-content\/uploads\/2022\/05\/rodrigo-explosao-e-taranta-neto-1024x683.jpg 1024w, https:\/\/mangueira.com.br\/site\/wp-content\/uploads\/2022\/05\/rodrigo-explosao-e-taranta-neto-300x200.jpg 300w, https:\/\/mangueira.com.br\/site\/wp-content\/uploads\/2022\/05\/rodrigo-explosao-e-taranta-neto-768x512.jpg 768w, https:\/\/mangueira.com.br\/site\/wp-content\/uploads\/2022\/05\/rodrigo-explosao-e-taranta-neto.jpg 1200w\" sizes=\"(max-width: 1024px) 100vw, 1024px\" \/><\/figure>\n\n\n\n<p>Sob nova dire\u00e7\u00e3o! Taranta Neto e Rodrigo Explos\u00e3o chegam para comandar os ritmistas da bateria da Mangueira.<br>Neto de um dos grandes mestres de bateria da hist\u00f3ria da Esta\u00e7\u00e3o Primeira, Taranta Neto chega ao posto m\u00e1ximo da bateria \u2018Tem Que Respeitar Meu Tamborim\u2019 com muita alegria e fundamento. Nascido e criado no morro de Mangueira desfilou ao lado do seu av\u00f4 como diretor mascote em 2003 e 2004; foi mestre da Mangueira do Amanh\u00e3 por 10 anos, entre 2008 e 2018; ritmista da escola foi convidado a fazer parte da diretoria da bateria em 2010; em 2016, foi mestre de bateria da Aboli\u00e7\u00e3o; depois passou pela Imperadores Rubro-Negros, em 2020; e neste carnaval, na Uni\u00e3o de Jacarepagu\u00e1, atual campe\u00e3 da S\u00e9rie Prata.<br>\u201cHoje \u00e9 dia de festa no morro, pelo pai dele, pelo meu av\u00f4\u2026 agora n\u00f3s estamos aqui juntos. Deus vai aben\u00e7oar e vamos fazer um bom trabalho. Comunidade pode esperar empenho, dedica\u00e7\u00e3o e ra\u00e7a!\u201d, comemora Taranta.<br>Filho do mestre de bateria Alcir Explos\u00e3o, Rodrigo retorna ao posto de mestre \u2013 lugar que ocupou entre 2016 e 2018. Criado no Buraco Quente, desfilando como mascote, Rodrigo estreou na avenida campe\u00e3o sob o comando de seu pai. Passou pela Mangueira do Amanh\u00e3 e aos 17 anos se tornou um dos diretores de bateria da escola-m\u00e3e, permanecendo no cargo at\u00e9 2016, quando assumiu com sua antiga dupla, Vitor Art, o comando geral da \u2018Tem Que Respeitar Meu Tamborim\u2019. De 2016 &#8211; estranho com campeonato &#8211; at\u00e9 2018 foi mestre e ap\u00f3s essa temporada voltou a ser ritmista da escola.<br>\u201cMangueira \u00e9 a vitrine, onde chegamos somos respeitados. Temos que valorizar nossos talentos e estar ao lado dele [mestre Taranta Neto] \u00e9 uma felicidade sem tamanho. \u00c9 com muita alegria e emo\u00e7\u00e3o que retorno para o posto. Vamos dar nosso melhor\u201d, completa Rodrigo.<br>Sejam bem-vindos!<br>Que todo amor e dedica\u00e7\u00e3o de voc\u00eas resulte no melhor para Esta\u00e7\u00e3o Primeira!<\/p>\n","protected":false},"excerpt":{"rendered":"<p>Taranta Neto e Rodrigo Explos\u00e3o chegam para comandar os ritmistas da bateria da Mangueira.<\/p>\n","protected":false},"author":1,"featured_media":3736,"comment_status":"closed","ping_status":"","sticky":false,"template":"","format":"standard","meta":{"footnotes":""},"categories":[45,33],"tags":[],"class_list":["post-3735","post","type-post","status-publish","format-standard","has-post-thumbnail","hentry","category-exibir-home","category-geral"],"blocksy_meta":"","featured_image_urls":{"full":["https:\/\/mangueira.com.br\/site\/wp-content\/uploads\/2022\/05\/rodrigo-explosao-e-taranta-neto.jpg",1200,800,false],"thumbnail":["https:\/\/mangueira.com.br\/site\/wp-content\/uploads\/2022\/05\/rodrigo-explosao-e-taranta-neto-150x150.jpg",150,150,true],"medium":["https:\/\/mangueira.com.br\/site\/wp-content\/uploads\/2022\/05\/rodrigo-explosao-e-taranta-neto-300x200.jpg",300,200,true],"medium_large":["https:\/\/mangueira.com.br\/site\/wp-content\/uploads\/2022\/05\/rodrigo-explosao-e-taranta-neto-768x512.jpg",768,512,true],"large":["https:\/\/mangueira.com.br\/site\/wp-content\/uploads\/2022\/05\/rodrigo-explosao-e-taranta-neto-1024x683.jpg",1024,683,true],"1536x1536":["https:\/\/mangueira.com.br\/site\/wp-content\/uploads\/2022\/05\/rodrigo-explosao-e-taranta-neto.jpg",1200,800,false],"2048x2048":["https:\/\/mangueira.com.br\/site\/wp-content\/uploads\/2022\/05\/rodrigo-explosao-e-taranta-neto.jpg",1200,800,false]},"post_excerpt_stackable":"<p>Taranta Neto e Rodrigo Explos\u00e3o chegam para comandar os ritmistas da bateria da Mangueira.<\/p>\n","category_list":"<a href=\"https:\/\/mangueira.com.br\/site\/category\/exibir-home\/\" rel=\"category tag\">Exibir Home<\/a>, <a href=\"https:\/\/mangueira.com.br\/site\/category\/geral\/\" rel=\"category tag\">Geral<\/a>","author_info":{"name":"admin.mangueira","url":"https:\/\/mangueira.com.br\/site\/author\/admin-mangueira\/"},"comments_num":"0 coment\u00e1rio","yoast_head":"<!-- This site is optimized with the Yoast SEO plugin v26.7 - https:\/\/yoast.com\/wordpress\/plugins\/seo\/ -->\n<title>Novo comando na bateria da Mangueira - Mangueira<\/title>\n<meta name=\"robots\" content=\"index, follow, max-snippet:-1, max-image-preview:large, max-video-preview:-1\" \/>\n<link rel=\"canonical\" href=\"https:\/\/mangueira.com.br\/site\/2022\/05\/12\/novo-comando-na-bateria-da-mangueira\/\" \/>\n<meta property=\"og:locale\" content=\"pt_BR\" \/>\n<meta property=\"og:type\" content=\"article\" \/>\n<meta property=\"og:title\" content=\"Novo comando na bateria da Mangueira - Mangueira\" \/>\n<meta property=\"og:description\" content=\"Taranta Neto e Rodrigo Explos\u00e3o chegam para comandar os ritmistas da bateria da Mangueira.\" \/>\n<meta property=\"og:url\" content=\"https:\/\/mangueira.com.br\/site\/2022\/05\/12\/novo-comando-na-bateria-da-mangueira\/\" \/>\n<meta property=\"og:site_name\" content=\"Mangueira\" \/>\n<meta property=\"article:publisher\" content=\"https:\/\/facebook.com\/GRESEPMangueira\" \/>\n<meta property=\"article:published_time\" content=\"2022-05-13T01:39:28+00:00\" \/>\n<meta property=\"og:image\" content=\"https:\/\/mangueira.com.br\/site\/wp-content\/uploads\/2022\/05\/rodrigo-explosao-e-taranta-neto.jpg\" \/>\n\t<meta property=\"og:image:width\" content=\"1200\" \/>\n\t<meta property=\"og:image:height\" content=\"800\" \/>\n\t<meta property=\"og:image:type\" content=\"image\/jpeg\" \/>\n<meta name=\"author\" content=\"admin.mangueira\" \/>\n<meta name=\"twitter:card\" content=\"summary_large_image\" \/>\n<meta name=\"twitter:creator\" content=\"@gresmangueira\" \/>\n<meta name=\"twitter:site\" content=\"@gresmangueira\" \/>\n<meta name=\"twitter:label1\" content=\"Escrito por\" \/>\n\t<meta name=\"twitter:data1\" content=\"admin.mangueira\" \/>\n\t<meta name=\"twitter:label2\" content=\"Est. tempo de leitura\" \/>\n\t<meta name=\"twitter:data2\" content=\"2 minutos\" \/>\n<script type=\"application\/ld+json\" class=\"yoast-schema-graph\">{\"@context\":\"https:\/\/schema.org\",\"@graph\":[{\"@type\":\"Article\",\"@id\":\"https:\/\/mangueira.com.br\/site\/2022\/05\/12\/novo-comando-na-bateria-da-mangueira\/#article\",\"isPartOf\":{\"@id\":\"https:\/\/mangueira.com.br\/site\/2022\/05\/12\/novo-comando-na-bateria-da-mangueira\/\"},\"author\":{\"name\":\"admin.mangueira\",\"@id\":\"https:\/\/mangueira.com.br\/site\/#\/schema\/person\/0c86e2d6bb07cc8d5a97d16b27b320ad\"},\"headline\":\"Novo comando na bateria da Mangueira\",\"datePublished\":\"2022-05-13T01:39:28+00:00\",\"mainEntityOfPage\":{\"@id\":\"https:\/\/mangueira.com.br\/site\/2022\/05\/12\/novo-comando-na-bateria-da-mangueira\/\"},\"wordCount\":323,\"publisher\":{\"@id\":\"https:\/\/mangueira.com.br\/site\/#organization\"},\"image\":{\"@id\":\"https:\/\/mangueira.com.br\/site\/2022\/05\/12\/novo-comando-na-bateria-da-mangueira\/#primaryimage\"},\"thumbnailUrl\":\"https:\/\/mangueira.com.br\/site\/wp-content\/uploads\/2022\/05\/rodrigo-explosao-e-taranta-neto.jpg\",\"articleSection\":[\"Exibir Home\",\"Geral\"],\"inLanguage\":\"pt-BR\"},{\"@type\":\"WebPage\",\"@id\":\"https:\/\/mangueira.com.br\/site\/2022\/05\/12\/novo-comando-na-bateria-da-mangueira\/\",\"url\":\"https:\/\/mangueira.com.br\/site\/2022\/05\/12\/novo-comando-na-bateria-da-mangueira\/\",\"name\":\"Novo comando na bateria da Mangueira - Mangueira\",\"isPartOf\":{\"@id\":\"https:\/\/mangueira.com.br\/site\/#website\"},\"primaryImageOfPage\":{\"@id\":\"https:\/\/mangueira.com.br\/site\/2022\/05\/12\/novo-comando-na-bateria-da-mangueira\/#primaryimage\"},\"image\":{\"@id\":\"https:\/\/mangueira.com.br\/site\/2022\/05\/12\/novo-comando-na-bateria-da-mangueira\/#primaryimage\"},\"thumbnailUrl\":\"https:\/\/mangueira.com.br\/site\/wp-content\/uploads\/2022\/05\/rodrigo-explosao-e-taranta-neto.jpg\",\"datePublished\":\"2022-05-13T01:39:28+00:00\",\"breadcrumb\":{\"@id\":\"https:\/\/mangueira.com.br\/site\/2022\/05\/12\/novo-comando-na-bateria-da-mangueira\/#breadcrumb\"},\"inLanguage\":\"pt-BR\",\"potentialAction\":[{\"@type\":\"ReadAction\",\"target\":[\"https:\/\/mangueira.com.br\/site\/2022\/05\/12\/novo-comando-na-bateria-da-mangueira\/\"]}]},{\"@type\":\"ImageObject\",\"inLanguage\":\"pt-BR\",\"@id\":\"https:\/\/mangueira.com.br\/site\/2022\/05\/12\/novo-comando-na-bateria-da-mangueira\/#primaryimage\",\"url\":\"https:\/\/mangueira.com.br\/site\/wp-content\/uploads\/2022\/05\/rodrigo-explosao-e-taranta-neto.jpg\",\"contentUrl\":\"https:\/\/mangueira.com.br\/site\/wp-content\/uploads\/2022\/05\/rodrigo-explosao-e-taranta-neto.jpg\",\"width\":1200,\"height\":800},{\"@type\":\"BreadcrumbList\",\"@id\":\"https:\/\/mangueira.com.br\/site\/2022\/05\/12\/novo-comando-na-bateria-da-mangueira\/#breadcrumb\",\"itemListElement\":[{\"@type\":\"ListItem\",\"position\":1,\"name\":\"In\u00edcio\",\"item\":\"https:\/\/mangueira.com.br\/site\/\"},{\"@type\":\"ListItem\",\"position\":2,\"name\":\"Novo comando na bateria da Mangueira\"}]},{\"@type\":\"WebSite\",\"@id\":\"https:\/\/mangueira.com.br\/site\/#website\",\"url\":\"https:\/\/mangueira.com.br\/site\/\",\"name\":\"Mangueira\",\"description\":\"A Maior Escola de Samba do Planeta\",\"publisher\":{\"@id\":\"https:\/\/mangueira.com.br\/site\/#organization\"},\"potentialAction\":[{\"@type\":\"SearchAction\",\"target\":{\"@type\":\"EntryPoint\",\"urlTemplate\":\"https:\/\/mangueira.com.br\/site\/?s={search_term_string}\"},\"query-input\":{\"@type\":\"PropertyValueSpecification\",\"valueRequired\":true,\"valueName\":\"search_term_string\"}}],\"inLanguage\":\"pt-BR\"},{\"@type\":\"Organization\",\"@id\":\"https:\/\/mangueira.com.br\/site\/#organization\",\"name\":\"Mangueira\",\"url\":\"https:\/\/mangueira.com.br\/site\/\",\"logo\":{\"@type\":\"ImageObject\",\"inLanguage\":\"pt-BR\",\"@id\":\"https:\/\/mangueira.com.br\/site\/#\/schema\/logo\/image\/\",\"url\":\"https:\/\/mangueira.com.br\/site\/wp-content\/uploads\/2021\/03\/mangueira-logo-BrancoBrancoPeq-1.png\",\"contentUrl\":\"https:\/\/mangueira.com.br\/site\/wp-content\/uploads\/2021\/03\/mangueira-logo-BrancoBrancoPeq-1.png\",\"width\":350,\"height\":415,\"caption\":\"Mangueira\"},\"image\":{\"@id\":\"https:\/\/mangueira.com.br\/site\/#\/schema\/logo\/image\/\"},\"sameAs\":[\"https:\/\/facebook.com\/GRESEPMangueira\",\"https:\/\/x.com\/gresmangueira\",\"https:\/\/www.instagram.com\/mangueira_oficial\",\"https:\/\/www.youtube.com\/c\/estacaoprimeirademangueira\"]},{\"@type\":\"Person\",\"@id\":\"https:\/\/mangueira.com.br\/site\/#\/schema\/person\/0c86e2d6bb07cc8d5a97d16b27b320ad\",\"name\":\"admin.mangueira\",\"image\":{\"@type\":\"ImageObject\",\"inLanguage\":\"pt-BR\",\"@id\":\"https:\/\/mangueira.com.br\/site\/#\/schema\/person\/image\/\",\"url\":\"https:\/\/secure.gravatar.com\/avatar\/4064ab7af0433a9686c43cc0bbba2276?s=96&d=mm&r=g\",\"contentUrl\":\"https:\/\/secure.gravatar.com\/avatar\/4064ab7af0433a9686c43cc0bbba2276?s=96&d=mm&r=g\",\"caption\":\"admin.mangueira\"},\"sameAs\":[\"http:\/\/site.mangueira.com.br\"],\"url\":\"https:\/\/mangueira.com.br\/site\/author\/admin-mangueira\/\"}]}<\/script>\n<!-- \/ Yoast SEO plugin. -->","yoast_head_json":{"title":"Novo comando na bateria da Mangueira - Mangueira","robots":{"index":"index","follow":"follow","max-snippet":"max-snippet:-1","max-image-preview":"max-image-preview:large","max-video-preview":"max-video-preview:-1"},"canonical":"https:\/\/mangueira.com.br\/site\/2022\/05\/12\/novo-comando-na-bateria-da-mangueira\/","og_locale":"pt_BR","og_type":"article","og_title":"Novo comando na bateria da Mangueira - Mangueira","og_description":"Taranta Neto e Rodrigo Explos\u00e3o chegam para comandar os ritmistas da bateria da Mangueira.","og_url":"https:\/\/mangueira.com.br\/site\/2022\/05\/12\/novo-comando-na-bateria-da-mangueira\/","og_site_name":"Mangueira","article_publisher":"https:\/\/facebook.com\/GRESEPMangueira","article_published_time":"2022-05-13T01:39:28+00:00","og_image":[{"width":1200,"height":800,"url":"https:\/\/mangueira.com.br\/site\/wp-content\/uploads\/2022\/05\/rodrigo-explosao-e-taranta-neto.jpg","type":"image\/jpeg"}],"author":"admin.mangueira","twitter_card":"summary_large_image","twitter_creator":"@gresmangueira","twitter_site":"@gresmangueira","twitter_misc":{"Escrito por":"admin.mangueira","Est. tempo de leitura":"2 minutos"},"schema":{"@context":"https:\/\/schema.org","@graph":[{"@type":"Article","@id":"https:\/\/mangueira.com.br\/site\/2022\/05\/12\/novo-comando-na-bateria-da-mangueira\/#article","isPartOf":{"@id":"https:\/\/mangueira.com.br\/site\/2022\/05\/12\/novo-comando-na-bateria-da-mangueira\/"},"author":{"name":"admin.mangueira","@id":"https:\/\/mangueira.com.br\/site\/#\/schema\/person\/0c86e2d6bb07cc8d5a97d16b27b320ad"},"headline":"Novo comando na bateria da Mangueira","datePublished":"2022-05-13T01:39:28+00:00","mainEntityOfPage":{"@id":"https:\/\/mangueira.com.br\/site\/2022\/05\/12\/novo-comando-na-bateria-da-mangueira\/"},"wordCount":323,"publisher":{"@id":"https:\/\/mangueira.com.br\/site\/#organization"},"image":{"@id":"https:\/\/mangueira.com.br\/site\/2022\/05\/12\/novo-comando-na-bateria-da-mangueira\/#primaryimage"},"thumbnailUrl":"https:\/\/mangueira.com.br\/site\/wp-content\/uploads\/2022\/05\/rodrigo-explosao-e-taranta-neto.jpg","articleSection":["Exibir Home","Geral"],"inLanguage":"pt-BR"},{"@type":"WebPage","@id":"https:\/\/mangueira.com.br\/site\/2022\/05\/12\/novo-comando-na-bateria-da-mangueira\/","url":"https:\/\/mangueira.com.br\/site\/2022\/05\/12\/novo-comando-na-bateria-da-mangueira\/","name":"Novo comando na bateria da Mangueira - Mangueira","isPartOf":{"@id":"https:\/\/mangueira.com.br\/site\/#website"},"primaryImageOfPage":{"@id":"https:\/\/mangueira.com.br\/site\/2022\/05\/12\/novo-comando-na-bateria-da-mangueira\/#primaryimage"},"image":{"@id":"https:\/\/mangueira.com.br\/site\/2022\/05\/12\/novo-comando-na-bateria-da-mangueira\/#primaryimage"},"thumbnailUrl":"https:\/\/mangueira.com.br\/site\/wp-content\/uploads\/2022\/05\/rodrigo-explosao-e-taranta-neto.jpg","datePublished":"2022-05-13T01:39:28+00:00","breadcrumb":{"@id":"https:\/\/mangueira.com.br\/site\/2022\/05\/12\/novo-comando-na-bateria-da-mangueira\/#breadcrumb"},"inLanguage":"pt-BR","potentialAction":[{"@type":"ReadAction","target":["https:\/\/mangueira.com.br\/site\/2022\/05\/12\/novo-comando-na-bateria-da-mangueira\/"]}]},{"@type":"ImageObject","inLanguage":"pt-BR","@id":"https:\/\/mangueira.com.br\/site\/2022\/05\/12\/novo-comando-na-bateria-da-mangueira\/#primaryimage","url":"https:\/\/mangueira.com.br\/site\/wp-content\/uploads\/2022\/05\/rodrigo-explosao-e-taranta-neto.jpg","contentUrl":"https:\/\/mangueira.com.br\/site\/wp-content\/uploads\/2022\/05\/rodrigo-explosao-e-taranta-neto.jpg","width":1200,"height":800},{"@type":"BreadcrumbList","@id":"https:\/\/mangueira.com.br\/site\/2022\/05\/12\/novo-comando-na-bateria-da-mangueira\/#breadcrumb","itemListElement":[{"@type":"ListItem","position":1,"name":"In\u00edcio","item":"https:\/\/mangueira.com.br\/site\/"},{"@type":"ListItem","position":2,"name":"Novo comando na bateria da Mangueira"}]},{"@type":"WebSite","@id":"https:\/\/mangueira.com.br\/site\/#website","url":"https:\/\/mangueira.com.br\/site\/","name":"Mangueira","description":"A Maior Escola de Samba do Planeta","publisher":{"@id":"https:\/\/mangueira.com.br\/site\/#organization"},"potentialAction":[{"@type":"SearchAction","target":{"@type":"EntryPoint","urlTemplate":"https:\/\/mangueira.com.br\/site\/?s={search_term_string}"},"query-input":{"@type":"PropertyValueSpecification","valueRequired":true,"valueName":"search_term_string"}}],"inLanguage":"pt-BR"},{"@type":"Organization","@id":"https:\/\/mangueira.com.br\/site\/#organization","name":"Mangueira","url":"https:\/\/mangueira.com.br\/site\/","logo":{"@type":"ImageObject","inLanguage":"pt-BR","@id":"https:\/\/mangueira.com.br\/site\/#\/schema\/logo\/image\/","url":"https:\/\/mangueira.com.br\/site\/wp-content\/uploads\/2021\/03\/mangueira-logo-BrancoBrancoPeq-1.png","contentUrl":"https:\/\/mangueira.com.br\/site\/wp-content\/uploads\/2021\/03\/mangueira-logo-BrancoBrancoPeq-1.png","width":350,"height":415,"caption":"Mangueira"},"image":{"@id":"https:\/\/mangueira.com.br\/site\/#\/schema\/logo\/image\/"},"sameAs":["https:\/\/facebook.com\/GRESEPMangueira","https:\/\/x.com\/gresmangueira","https:\/\/www.instagram.com\/mangueira_oficial","https:\/\/www.youtube.com\/c\/estacaoprimeirademangueira"]},{"@type":"Person","@id":"https:\/\/mangueira.com.br\/site\/#\/schema\/person\/0c86e2d6bb07cc8d5a97d16b27b320ad","name":"admin.mangueira","image":{"@type":"ImageObject","inLanguage":"pt-BR","@id":"https:\/\/mangueira.com.br\/site\/#\/schema\/person\/image\/","url":"https:\/\/secure.gravatar.com\/avatar\/4064ab7af0433a9686c43cc0bbba2276?s=96&d=mm&r=g","contentUrl":"https:\/\/secure.gravatar.com\/avatar\/4064ab7af0433a9686c43cc0bbba2276?s=96&d=mm&r=g","caption":"admin.mangueira"},"sameAs":["http:\/\/site.mangueira.com.br"],"url":"https:\/\/mangueira.com.br\/site\/author\/admin-mangueira\/"}]}},"uagb_featured_image_src":{"full":["https:\/\/mangueira.com.br\/site\/wp-content\/uploads\/2022\/05\/rodrigo-explosao-e-taranta-neto.jpg",1200,800,false],"thumbnail":["https:\/\/mangueira.com.br\/site\/wp-content\/uploads\/2022\/05\/rodrigo-explosao-e-taranta-neto-150x150.jpg",150,150,true],"medium":["https:\/\/mangueira.com.br\/site\/wp-content\/uploads\/2022\/05\/rodrigo-explosao-e-taranta-neto-300x200.jpg",300,200,true],"medium_large":["https:\/\/mangueira.com.br\/site\/wp-content\/uploads\/2022\/05\/rodrigo-explosao-e-taranta-neto-768x512.jpg",768,512,true],"large":["https:\/\/mangueira.com.br\/site\/wp-content\/uploads\/2022\/05\/rodrigo-explosao-e-taranta-neto-1024x683.jpg",1024,683,true],"1536x1536":["https:\/\/mangueira.com.br\/site\/wp-content\/uploads\/2022\/05\/rodrigo-explosao-e-taranta-neto.jpg",1200,800,false],"2048x2048":["https:\/\/mangueira.com.br\/site\/wp-content\/uploads\/2022\/05\/rodrigo-explosao-e-taranta-neto.jpg",1200,800,false]},"uagb_author_info":{"display_name":"admin.mangueira","author_link":"https:\/\/mangueira.com.br\/site\/author\/admin-mangueira\/"},"uagb_comment_info":0,"uagb_excerpt":"Taranta Neto e Rodrigo Explos\u00e3o chegam para comandar os ritmistas da bateria da Mangueira.","_links":{"self":[{"href":"https:\/\/mangueira.com.br\/site\/wp-json\/wp\/v2\/posts\/3735","targetHints":{"allow":["GET"]}}],"collection":[{"href":"https:\/\/mangueira.com.br\/site\/wp-json\/wp\/v2\/posts"}],"about":[{"href":"https:\/\/mangueira.com.br\/site\/wp-json\/wp\/v2\/types\/post"}],"author":[{"embeddable":true,"href":"https:\/\/mangueira.com.br\/site\/wp-json\/wp\/v2\/users\/1"}],"replies":[{"embeddable":true,"href":"https:\/\/mangueira.com.br\/site\/wp-json\/wp\/v2\/comments?post=3735"}],"version-history":[{"count":1,"href":"https:\/\/mangueira.com.br\/site\/wp-json\/wp\/v2\/posts\/3735\/revisions"}],"predecessor-version":[{"id":3737,"href":"https:\/\/mangueira.com.br\/site\/wp-json\/wp\/v2\/posts\/3735\/revisions\/3737"}],"wp:featuredmedia":[{"embeddable":true,"href":"https:\/\/mangueira.com.br\/site\/wp-json\/wp\/v2\/media\/3736"}],"wp:attachment":[{"href":"https:\/\/mangueira.com.br\/site\/wp-json\/wp\/v2\/media?parent=3735"}],"wp:term":[{"taxonomy":"category","embeddable":true,"href":"https:\/\/mangueira.com.br\/site\/wp-json\/wp\/v2\/categories?post=3735"},{"taxonomy":"post_tag","embeddable":true,"href":"https:\/\/mangueira.com.br\/site\/wp-json\/wp\/v2\/tags?post=3735"}],"curies":[{"name":"wp","href":"https:\/\/api.w.org\/{rel}","templated":true}]}}