{"id":3729,"date":"2022-05-09T22:29:00","date_gmt":"2022-05-10T01:29:00","guid":{"rendered":"https:\/\/mangueira.com.br\/site\/?p=3729"},"modified":"2022-05-12T22:36:04","modified_gmt":"2022-05-13T01:36:04","slug":"claudia-mota-e-a-nova-coreografa-da-comissao-de-frente","status":"publish","type":"post","link":"https:\/\/mangueira.com.br\/site\/2022\/05\/09\/claudia-mota-e-a-nova-coreografa-da-comissao-de-frente\/","title":{"rendered":"Comiss\u00e3o de frente ter\u00e1 a core\u00f3grafa Claudia Mota"},"content":{"rendered":"\n<figure class=\"wp-block-image size-large\"><img fetchpriority=\"high\" decoding=\"async\" width=\"1024\" height=\"682\" src=\"https:\/\/mangueira.com.br\/site\/wp-content\/uploads\/2022\/05\/CLAUDIA-MOTA_-FOTO-Carol-Lancellotti-So-Danca-1024x682.jpeg\" alt=\"\" class=\"wp-image-3730\" srcset=\"https:\/\/mangueira.com.br\/site\/wp-content\/uploads\/2022\/05\/CLAUDIA-MOTA_-FOTO-Carol-Lancellotti-So-Danca-1024x682.jpeg 1024w, https:\/\/mangueira.com.br\/site\/wp-content\/uploads\/2022\/05\/CLAUDIA-MOTA_-FOTO-Carol-Lancellotti-So-Danca-300x200.jpeg 300w, https:\/\/mangueira.com.br\/site\/wp-content\/uploads\/2022\/05\/CLAUDIA-MOTA_-FOTO-Carol-Lancellotti-So-Danca-768x511.jpeg 768w, https:\/\/mangueira.com.br\/site\/wp-content\/uploads\/2022\/05\/CLAUDIA-MOTA_-FOTO-Carol-Lancellotti-So-Danca.jpeg 1200w\" sizes=\"(max-width: 1024px) 100vw, 1024px\" \/><figcaption>Foto: Carol Lancellotti S\u00f3 Dan\u00e7a<\/figcaption><\/figure>\n\n\n\n<p>Mais uma novidade! \u00c9 com muita alegria que anunciamos quem comandar\u00e1 a comiss\u00e3o de frente da Esta\u00e7\u00e3o Primeira: Claudia Mota, a core\u00f3grafa e primeira bailarina do Theatro Municipal. Seja bem-vinda a maior do planeta!<br>Formada pela Escola Estadual de Dan\u00e7as Maria Olenewa, Cl\u00e1udia j\u00e1 coreografou comiss\u00f5es da S\u00e3o Clemente, Est\u00e1cio de S\u00e1, Imp\u00e9rio Serrano, Imperatriz Leopoldinense e Para\u00edso do Tuiuti; al\u00e9m de receber o Pr\u00eamio de Melhor Bailarina da Am\u00e9rica Latina, eleita pelo Conselho Latino-americano de Dan\u00e7a.<br>\u201cMinha fam\u00edlia sabe o quanto isso significa pra mim. Ficaram me ligando, perguntando, me senti como uma rosa que n\u00e3o fala, mas j\u00e1 era da Mangueira. Estou realizando um dos maiores sonhos da minha vida, estar na minha Escola, n\u00e3o s\u00f3 de cora\u00e7\u00e3o e alma, mas de corpo presente\u201d, declara Claudia.<\/p>\n","protected":false},"excerpt":{"rendered":"<p>A core\u00f3grafa Claudia Mota, comandar\u00e1 a comiss\u00e3o de frente da Esta\u00e7\u00e3o Primeira de Mangueia em 2023.<\/p>\n","protected":false},"author":1,"featured_media":3730,"comment_status":"closed","ping_status":"","sticky":false,"template":"","format":"standard","meta":{"footnotes":""},"categories":[45,33],"tags":[],"class_list":["post-3729","post","type-post","status-publish","format-standard","has-post-thumbnail","hentry","category-exibir-home","category-geral"],"blocksy_meta":"","featured_image_urls":{"full":["https:\/\/mangueira.com.br\/site\/wp-content\/uploads\/2022\/05\/CLAUDIA-MOTA_-FOTO-Carol-Lancellotti-So-Danca.jpeg",1200,799,false],"thumbnail":["https:\/\/mangueira.com.br\/site\/wp-content\/uploads\/2022\/05\/CLAUDIA-MOTA_-FOTO-Carol-Lancellotti-So-Danca-150x150.jpeg",150,150,true],"medium":["https:\/\/mangueira.com.br\/site\/wp-content\/uploads\/2022\/05\/CLAUDIA-MOTA_-FOTO-Carol-Lancellotti-So-Danca-300x200.jpeg",300,200,true],"medium_large":["https:\/\/mangueira.com.br\/site\/wp-content\/uploads\/2022\/05\/CLAUDIA-MOTA_-FOTO-Carol-Lancellotti-So-Danca-768x511.jpeg",768,511,true],"large":["https:\/\/mangueira.com.br\/site\/wp-content\/uploads\/2022\/05\/CLAUDIA-MOTA_-FOTO-Carol-Lancellotti-So-Danca-1024x682.jpeg",1024,682,true],"1536x1536":["https:\/\/mangueira.com.br\/site\/wp-content\/uploads\/2022\/05\/CLAUDIA-MOTA_-FOTO-Carol-Lancellotti-So-Danca.jpeg",1200,799,false],"2048x2048":["https:\/\/mangueira.com.br\/site\/wp-content\/uploads\/2022\/05\/CLAUDIA-MOTA_-FOTO-Carol-Lancellotti-So-Danca.jpeg",1200,799,false]},"post_excerpt_stackable":"<p>A core\u00f3grafa Claudia Mota, comandar\u00e1 a comiss\u00e3o de frente da Esta\u00e7\u00e3o Primeira de Mangueia em 2023.<\/p>\n","category_list":"<a href=\"https:\/\/mangueira.com.br\/site\/category\/exibir-home\/\" rel=\"category tag\">Exibir Home<\/a>, <a href=\"https:\/\/mangueira.com.br\/site\/category\/geral\/\" rel=\"category tag\">Geral<\/a>","author_info":{"name":"admin.mangueira","url":"https:\/\/mangueira.com.br\/site\/author\/admin-mangueira\/"},"comments_num":"0 coment\u00e1rio","yoast_head":"<!-- This site is optimized with the Yoast SEO plugin v26.7 - https:\/\/yoast.com\/wordpress\/plugins\/seo\/ -->\n<title>Comiss\u00e3o de frente ter\u00e1 a core\u00f3grafa Claudia Mota - Mangueira<\/title>\n<meta name=\"robots\" content=\"index, follow, max-snippet:-1, max-image-preview:large, max-video-preview:-1\" \/>\n<link rel=\"canonical\" href=\"https:\/\/mangueira.com.br\/site\/2022\/05\/09\/claudia-mota-e-a-nova-coreografa-da-comissao-de-frente\/\" \/>\n<meta property=\"og:locale\" content=\"pt_BR\" \/>\n<meta property=\"og:type\" content=\"article\" \/>\n<meta property=\"og:title\" content=\"Comiss\u00e3o de frente ter\u00e1 a core\u00f3grafa Claudia Mota - Mangueira\" \/>\n<meta property=\"og:description\" content=\"A core\u00f3grafa Claudia Mota, comandar\u00e1 a comiss\u00e3o de frente da Esta\u00e7\u00e3o Primeira de Mangueia em 2023.\" \/>\n<meta property=\"og:url\" content=\"https:\/\/mangueira.com.br\/site\/2022\/05\/09\/claudia-mota-e-a-nova-coreografa-da-comissao-de-frente\/\" \/>\n<meta property=\"og:site_name\" content=\"Mangueira\" \/>\n<meta property=\"article:publisher\" content=\"https:\/\/facebook.com\/GRESEPMangueira\" \/>\n<meta property=\"article:published_time\" content=\"2022-05-10T01:29:00+00:00\" \/>\n<meta property=\"article:modified_time\" content=\"2022-05-13T01:36:04+00:00\" \/>\n<meta property=\"og:image\" content=\"https:\/\/mangueira.com.br\/site\/wp-content\/uploads\/2022\/05\/CLAUDIA-MOTA_-FOTO-Carol-Lancellotti-So-Danca.jpeg\" \/>\n\t<meta property=\"og:image:width\" content=\"1200\" \/>\n\t<meta property=\"og:image:height\" content=\"799\" \/>\n\t<meta property=\"og:image:type\" content=\"image\/jpeg\" \/>\n<meta name=\"author\" content=\"admin.mangueira\" \/>\n<meta name=\"twitter:card\" content=\"summary_large_image\" \/>\n<meta name=\"twitter:creator\" content=\"@gresmangueira\" \/>\n<meta name=\"twitter:site\" content=\"@gresmangueira\" \/>\n<meta name=\"twitter:label1\" content=\"Escrito por\" \/>\n\t<meta name=\"twitter:data1\" content=\"admin.mangueira\" \/>\n\t<meta name=\"twitter:label2\" content=\"Est. tempo de leitura\" \/>\n\t<meta name=\"twitter:data2\" content=\"1 minuto\" \/>\n<script type=\"application\/ld+json\" class=\"yoast-schema-graph\">{\"@context\":\"https:\/\/schema.org\",\"@graph\":[{\"@type\":\"Article\",\"@id\":\"https:\/\/mangueira.com.br\/site\/2022\/05\/09\/claudia-mota-e-a-nova-coreografa-da-comissao-de-frente\/#article\",\"isPartOf\":{\"@id\":\"https:\/\/mangueira.com.br\/site\/2022\/05\/09\/claudia-mota-e-a-nova-coreografa-da-comissao-de-frente\/\"},\"author\":{\"name\":\"admin.mangueira\",\"@id\":\"https:\/\/mangueira.com.br\/site\/#\/schema\/person\/0c86e2d6bb07cc8d5a97d16b27b320ad\"},\"headline\":\"Comiss\u00e3o de frente ter\u00e1 a core\u00f3grafa Claudia Mota\",\"datePublished\":\"2022-05-10T01:29:00+00:00\",\"dateModified\":\"2022-05-13T01:36:04+00:00\",\"mainEntityOfPage\":{\"@id\":\"https:\/\/mangueira.com.br\/site\/2022\/05\/09\/claudia-mota-e-a-nova-coreografa-da-comissao-de-frente\/\"},\"wordCount\":161,\"publisher\":{\"@id\":\"https:\/\/mangueira.com.br\/site\/#organization\"},\"image\":{\"@id\":\"https:\/\/mangueira.com.br\/site\/2022\/05\/09\/claudia-mota-e-a-nova-coreografa-da-comissao-de-frente\/#primaryimage\"},\"thumbnailUrl\":\"https:\/\/mangueira.com.br\/site\/wp-content\/uploads\/2022\/05\/CLAUDIA-MOTA_-FOTO-Carol-Lancellotti-So-Danca.jpeg\",\"articleSection\":[\"Exibir Home\",\"Geral\"],\"inLanguage\":\"pt-BR\"},{\"@type\":\"WebPage\",\"@id\":\"https:\/\/mangueira.com.br\/site\/2022\/05\/09\/claudia-mota-e-a-nova-coreografa-da-comissao-de-frente\/\",\"url\":\"https:\/\/mangueira.com.br\/site\/2022\/05\/09\/claudia-mota-e-a-nova-coreografa-da-comissao-de-frente\/\",\"name\":\"Comiss\u00e3o de frente ter\u00e1 a core\u00f3grafa Claudia Mota - Mangueira\",\"isPartOf\":{\"@id\":\"https:\/\/mangueira.com.br\/site\/#website\"},\"primaryImageOfPage\":{\"@id\":\"https:\/\/mangueira.com.br\/site\/2022\/05\/09\/claudia-mota-e-a-nova-coreografa-da-comissao-de-frente\/#primaryimage\"},\"image\":{\"@id\":\"https:\/\/mangueira.com.br\/site\/2022\/05\/09\/claudia-mota-e-a-nova-coreografa-da-comissao-de-frente\/#primaryimage\"},\"thumbnailUrl\":\"https:\/\/mangueira.com.br\/site\/wp-content\/uploads\/2022\/05\/CLAUDIA-MOTA_-FOTO-Carol-Lancellotti-So-Danca.jpeg\",\"datePublished\":\"2022-05-10T01:29:00+00:00\",\"dateModified\":\"2022-05-13T01:36:04+00:00\",\"breadcrumb\":{\"@id\":\"https:\/\/mangueira.com.br\/site\/2022\/05\/09\/claudia-mota-e-a-nova-coreografa-da-comissao-de-frente\/#breadcrumb\"},\"inLanguage\":\"pt-BR\",\"potentialAction\":[{\"@type\":\"ReadAction\",\"target\":[\"https:\/\/mangueira.com.br\/site\/2022\/05\/09\/claudia-mota-e-a-nova-coreografa-da-comissao-de-frente\/\"]}]},{\"@type\":\"ImageObject\",\"inLanguage\":\"pt-BR\",\"@id\":\"https:\/\/mangueira.com.br\/site\/2022\/05\/09\/claudia-mota-e-a-nova-coreografa-da-comissao-de-frente\/#primaryimage\",\"url\":\"https:\/\/mangueira.com.br\/site\/wp-content\/uploads\/2022\/05\/CLAUDIA-MOTA_-FOTO-Carol-Lancellotti-So-Danca.jpeg\",\"contentUrl\":\"https:\/\/mangueira.com.br\/site\/wp-content\/uploads\/2022\/05\/CLAUDIA-MOTA_-FOTO-Carol-Lancellotti-So-Danca.jpeg\",\"width\":1200,\"height\":799},{\"@type\":\"BreadcrumbList\",\"@id\":\"https:\/\/mangueira.com.br\/site\/2022\/05\/09\/claudia-mota-e-a-nova-coreografa-da-comissao-de-frente\/#breadcrumb\",\"itemListElement\":[{\"@type\":\"ListItem\",\"position\":1,\"name\":\"In\u00edcio\",\"item\":\"https:\/\/mangueira.com.br\/site\/\"},{\"@type\":\"ListItem\",\"position\":2,\"name\":\"Comiss\u00e3o de frente ter\u00e1 a core\u00f3grafa Claudia Mota\"}]},{\"@type\":\"WebSite\",\"@id\":\"https:\/\/mangueira.com.br\/site\/#website\",\"url\":\"https:\/\/mangueira.com.br\/site\/\",\"name\":\"Mangueira\",\"description\":\"A Maior Escola de Samba do Planeta\",\"publisher\":{\"@id\":\"https:\/\/mangueira.com.br\/site\/#organization\"},\"potentialAction\":[{\"@type\":\"SearchAction\",\"target\":{\"@type\":\"EntryPoint\",\"urlTemplate\":\"https:\/\/mangueira.com.br\/site\/?s={search_term_string}\"},\"query-input\":{\"@type\":\"PropertyValueSpecification\",\"valueRequired\":true,\"valueName\":\"search_term_string\"}}],\"inLanguage\":\"pt-BR\"},{\"@type\":\"Organization\",\"@id\":\"https:\/\/mangueira.com.br\/site\/#organization\",\"name\":\"Mangueira\",\"url\":\"https:\/\/mangueira.com.br\/site\/\",\"logo\":{\"@type\":\"ImageObject\",\"inLanguage\":\"pt-BR\",\"@id\":\"https:\/\/mangueira.com.br\/site\/#\/schema\/logo\/image\/\",\"url\":\"https:\/\/mangueira.com.br\/site\/wp-content\/uploads\/2021\/03\/mangueira-logo-BrancoBrancoPeq-1.png\",\"contentUrl\":\"https:\/\/mangueira.com.br\/site\/wp-content\/uploads\/2021\/03\/mangueira-logo-BrancoBrancoPeq-1.png\",\"width\":350,\"height\":415,\"caption\":\"Mangueira\"},\"image\":{\"@id\":\"https:\/\/mangueira.com.br\/site\/#\/schema\/logo\/image\/\"},\"sameAs\":[\"https:\/\/facebook.com\/GRESEPMangueira\",\"https:\/\/x.com\/gresmangueira\",\"https:\/\/www.instagram.com\/mangueira_oficial\",\"https:\/\/www.youtube.com\/c\/estacaoprimeirademangueira\"]},{\"@type\":\"Person\",\"@id\":\"https:\/\/mangueira.com.br\/site\/#\/schema\/person\/0c86e2d6bb07cc8d5a97d16b27b320ad\",\"name\":\"admin.mangueira\",\"image\":{\"@type\":\"ImageObject\",\"inLanguage\":\"pt-BR\",\"@id\":\"https:\/\/mangueira.com.br\/site\/#\/schema\/person\/image\/\",\"url\":\"https:\/\/secure.gravatar.com\/avatar\/4064ab7af0433a9686c43cc0bbba2276?s=96&d=mm&r=g\",\"contentUrl\":\"https:\/\/secure.gravatar.com\/avatar\/4064ab7af0433a9686c43cc0bbba2276?s=96&d=mm&r=g\",\"caption\":\"admin.mangueira\"},\"sameAs\":[\"http:\/\/site.mangueira.com.br\"],\"url\":\"https:\/\/mangueira.com.br\/site\/author\/admin-mangueira\/\"}]}<\/script>\n<!-- \/ Yoast SEO plugin. -->","yoast_head_json":{"title":"Comiss\u00e3o de frente ter\u00e1 a core\u00f3grafa Claudia Mota - Mangueira","robots":{"index":"index","follow":"follow","max-snippet":"max-snippet:-1","max-image-preview":"max-image-preview:large","max-video-preview":"max-video-preview:-1"},"canonical":"https:\/\/mangueira.com.br\/site\/2022\/05\/09\/claudia-mota-e-a-nova-coreografa-da-comissao-de-frente\/","og_locale":"pt_BR","og_type":"article","og_title":"Comiss\u00e3o de frente ter\u00e1 a core\u00f3grafa Claudia Mota - Mangueira","og_description":"A core\u00f3grafa Claudia Mota, comandar\u00e1 a comiss\u00e3o de frente da Esta\u00e7\u00e3o Primeira de Mangueia em 2023.","og_url":"https:\/\/mangueira.com.br\/site\/2022\/05\/09\/claudia-mota-e-a-nova-coreografa-da-comissao-de-frente\/","og_site_name":"Mangueira","article_publisher":"https:\/\/facebook.com\/GRESEPMangueira","article_published_time":"2022-05-10T01:29:00+00:00","article_modified_time":"2022-05-13T01:36:04+00:00","og_image":[{"width":1200,"height":799,"url":"https:\/\/mangueira.com.br\/site\/wp-content\/uploads\/2022\/05\/CLAUDIA-MOTA_-FOTO-Carol-Lancellotti-So-Danca.jpeg","type":"image\/jpeg"}],"author":"admin.mangueira","twitter_card":"summary_large_image","twitter_creator":"@gresmangueira","twitter_site":"@gresmangueira","twitter_misc":{"Escrito por":"admin.mangueira","Est. tempo de leitura":"1 minuto"},"schema":{"@context":"https:\/\/schema.org","@graph":[{"@type":"Article","@id":"https:\/\/mangueira.com.br\/site\/2022\/05\/09\/claudia-mota-e-a-nova-coreografa-da-comissao-de-frente\/#article","isPartOf":{"@id":"https:\/\/mangueira.com.br\/site\/2022\/05\/09\/claudia-mota-e-a-nova-coreografa-da-comissao-de-frente\/"},"author":{"name":"admin.mangueira","@id":"https:\/\/mangueira.com.br\/site\/#\/schema\/person\/0c86e2d6bb07cc8d5a97d16b27b320ad"},"headline":"Comiss\u00e3o de frente ter\u00e1 a core\u00f3grafa Claudia Mota","datePublished":"2022-05-10T01:29:00+00:00","dateModified":"2022-05-13T01:36:04+00:00","mainEntityOfPage":{"@id":"https:\/\/mangueira.com.br\/site\/2022\/05\/09\/claudia-mota-e-a-nova-coreografa-da-comissao-de-frente\/"},"wordCount":161,"publisher":{"@id":"https:\/\/mangueira.com.br\/site\/#organization"},"image":{"@id":"https:\/\/mangueira.com.br\/site\/2022\/05\/09\/claudia-mota-e-a-nova-coreografa-da-comissao-de-frente\/#primaryimage"},"thumbnailUrl":"https:\/\/mangueira.com.br\/site\/wp-content\/uploads\/2022\/05\/CLAUDIA-MOTA_-FOTO-Carol-Lancellotti-So-Danca.jpeg","articleSection":["Exibir Home","Geral"],"inLanguage":"pt-BR"},{"@type":"WebPage","@id":"https:\/\/mangueira.com.br\/site\/2022\/05\/09\/claudia-mota-e-a-nova-coreografa-da-comissao-de-frente\/","url":"https:\/\/mangueira.com.br\/site\/2022\/05\/09\/claudia-mota-e-a-nova-coreografa-da-comissao-de-frente\/","name":"Comiss\u00e3o de frente ter\u00e1 a core\u00f3grafa Claudia Mota - Mangueira","isPartOf":{"@id":"https:\/\/mangueira.com.br\/site\/#website"},"primaryImageOfPage":{"@id":"https:\/\/mangueira.com.br\/site\/2022\/05\/09\/claudia-mota-e-a-nova-coreografa-da-comissao-de-frente\/#primaryimage"},"image":{"@id":"https:\/\/mangueira.com.br\/site\/2022\/05\/09\/claudia-mota-e-a-nova-coreografa-da-comissao-de-frente\/#primaryimage"},"thumbnailUrl":"https:\/\/mangueira.com.br\/site\/wp-content\/uploads\/2022\/05\/CLAUDIA-MOTA_-FOTO-Carol-Lancellotti-So-Danca.jpeg","datePublished":"2022-05-10T01:29:00+00:00","dateModified":"2022-05-13T01:36:04+00:00","breadcrumb":{"@id":"https:\/\/mangueira.com.br\/site\/2022\/05\/09\/claudia-mota-e-a-nova-coreografa-da-comissao-de-frente\/#breadcrumb"},"inLanguage":"pt-BR","potentialAction":[{"@type":"ReadAction","target":["https:\/\/mangueira.com.br\/site\/2022\/05\/09\/claudia-mota-e-a-nova-coreografa-da-comissao-de-frente\/"]}]},{"@type":"ImageObject","inLanguage":"pt-BR","@id":"https:\/\/mangueira.com.br\/site\/2022\/05\/09\/claudia-mota-e-a-nova-coreografa-da-comissao-de-frente\/#primaryimage","url":"https:\/\/mangueira.com.br\/site\/wp-content\/uploads\/2022\/05\/CLAUDIA-MOTA_-FOTO-Carol-Lancellotti-So-Danca.jpeg","contentUrl":"https:\/\/mangueira.com.br\/site\/wp-content\/uploads\/2022\/05\/CLAUDIA-MOTA_-FOTO-Carol-Lancellotti-So-Danca.jpeg","width":1200,"height":799},{"@type":"BreadcrumbList","@id":"https:\/\/mangueira.com.br\/site\/2022\/05\/09\/claudia-mota-e-a-nova-coreografa-da-comissao-de-frente\/#breadcrumb","itemListElement":[{"@type":"ListItem","position":1,"name":"In\u00edcio","item":"https:\/\/mangueira.com.br\/site\/"},{"@type":"ListItem","position":2,"name":"Comiss\u00e3o de frente ter\u00e1 a core\u00f3grafa Claudia Mota"}]},{"@type":"WebSite","@id":"https:\/\/mangueira.com.br\/site\/#website","url":"https:\/\/mangueira.com.br\/site\/","name":"Mangueira","description":"A Maior Escola de Samba do Planeta","publisher":{"@id":"https:\/\/mangueira.com.br\/site\/#organization"},"potentialAction":[{"@type":"SearchAction","target":{"@type":"EntryPoint","urlTemplate":"https:\/\/mangueira.com.br\/site\/?s={search_term_string}"},"query-input":{"@type":"PropertyValueSpecification","valueRequired":true,"valueName":"search_term_string"}}],"inLanguage":"pt-BR"},{"@type":"Organization","@id":"https:\/\/mangueira.com.br\/site\/#organization","name":"Mangueira","url":"https:\/\/mangueira.com.br\/site\/","logo":{"@type":"ImageObject","inLanguage":"pt-BR","@id":"https:\/\/mangueira.com.br\/site\/#\/schema\/logo\/image\/","url":"https:\/\/mangueira.com.br\/site\/wp-content\/uploads\/2021\/03\/mangueira-logo-BrancoBrancoPeq-1.png","contentUrl":"https:\/\/mangueira.com.br\/site\/wp-content\/uploads\/2021\/03\/mangueira-logo-BrancoBrancoPeq-1.png","width":350,"height":415,"caption":"Mangueira"},"image":{"@id":"https:\/\/mangueira.com.br\/site\/#\/schema\/logo\/image\/"},"sameAs":["https:\/\/facebook.com\/GRESEPMangueira","https:\/\/x.com\/gresmangueira","https:\/\/www.instagram.com\/mangueira_oficial","https:\/\/www.youtube.com\/c\/estacaoprimeirademangueira"]},{"@type":"Person","@id":"https:\/\/mangueira.com.br\/site\/#\/schema\/person\/0c86e2d6bb07cc8d5a97d16b27b320ad","name":"admin.mangueira","image":{"@type":"ImageObject","inLanguage":"pt-BR","@id":"https:\/\/mangueira.com.br\/site\/#\/schema\/person\/image\/","url":"https:\/\/secure.gravatar.com\/avatar\/4064ab7af0433a9686c43cc0bbba2276?s=96&d=mm&r=g","contentUrl":"https:\/\/secure.gravatar.com\/avatar\/4064ab7af0433a9686c43cc0bbba2276?s=96&d=mm&r=g","caption":"admin.mangueira"},"sameAs":["http:\/\/site.mangueira.com.br"],"url":"https:\/\/mangueira.com.br\/site\/author\/admin-mangueira\/"}]}},"uagb_featured_image_src":{"full":["https:\/\/mangueira.com.br\/site\/wp-content\/uploads\/2022\/05\/CLAUDIA-MOTA_-FOTO-Carol-Lancellotti-So-Danca.jpeg",1200,799,false],"thumbnail":["https:\/\/mangueira.com.br\/site\/wp-content\/uploads\/2022\/05\/CLAUDIA-MOTA_-FOTO-Carol-Lancellotti-So-Danca-150x150.jpeg",150,150,true],"medium":["https:\/\/mangueira.com.br\/site\/wp-content\/uploads\/2022\/05\/CLAUDIA-MOTA_-FOTO-Carol-Lancellotti-So-Danca-300x200.jpeg",300,200,true],"medium_large":["https:\/\/mangueira.com.br\/site\/wp-content\/uploads\/2022\/05\/CLAUDIA-MOTA_-FOTO-Carol-Lancellotti-So-Danca-768x511.jpeg",768,511,true],"large":["https:\/\/mangueira.com.br\/site\/wp-content\/uploads\/2022\/05\/CLAUDIA-MOTA_-FOTO-Carol-Lancellotti-So-Danca-1024x682.jpeg",1024,682,true],"1536x1536":["https:\/\/mangueira.com.br\/site\/wp-content\/uploads\/2022\/05\/CLAUDIA-MOTA_-FOTO-Carol-Lancellotti-So-Danca.jpeg",1200,799,false],"2048x2048":["https:\/\/mangueira.com.br\/site\/wp-content\/uploads\/2022\/05\/CLAUDIA-MOTA_-FOTO-Carol-Lancellotti-So-Danca.jpeg",1200,799,false]},"uagb_author_info":{"display_name":"admin.mangueira","author_link":"https:\/\/mangueira.com.br\/site\/author\/admin-mangueira\/"},"uagb_comment_info":0,"uagb_excerpt":"A core\u00f3grafa Claudia Mota, comandar\u00e1 a comiss\u00e3o de frente da Esta\u00e7\u00e3o Primeira de Mangueia em 2023.","_links":{"self":[{"href":"https:\/\/mangueira.com.br\/site\/wp-json\/wp\/v2\/posts\/3729","targetHints":{"allow":["GET"]}}],"collection":[{"href":"https:\/\/mangueira.com.br\/site\/wp-json\/wp\/v2\/posts"}],"about":[{"href":"https:\/\/mangueira.com.br\/site\/wp-json\/wp\/v2\/types\/post"}],"author":[{"embeddable":true,"href":"https:\/\/mangueira.com.br\/site\/wp-json\/wp\/v2\/users\/1"}],"replies":[{"embeddable":true,"href":"https:\/\/mangueira.com.br\/site\/wp-json\/wp\/v2\/comments?post=3729"}],"version-history":[{"count":4,"href":"https:\/\/mangueira.com.br\/site\/wp-json\/wp\/v2\/posts\/3729\/revisions"}],"predecessor-version":[{"id":3734,"href":"https:\/\/mangueira.com.br\/site\/wp-json\/wp\/v2\/posts\/3729\/revisions\/3734"}],"wp:featuredmedia":[{"embeddable":true,"href":"https:\/\/mangueira.com.br\/site\/wp-json\/wp\/v2\/media\/3730"}],"wp:attachment":[{"href":"https:\/\/mangueira.com.br\/site\/wp-json\/wp\/v2\/media?parent=3729"}],"wp:term":[{"taxonomy":"category","embeddable":true,"href":"https:\/\/mangueira.com.br\/site\/wp-json\/wp\/v2\/categories?post=3729"},{"taxonomy":"post_tag","embeddable":true,"href":"https:\/\/mangueira.com.br\/site\/wp-json\/wp\/v2\/tags?post=3729"}],"curies":[{"name":"wp","href":"https:\/\/api.w.org\/{rel}","templated":true}]}}